{"id":23376,"date":"2021-03-29T18:08:15","date_gmt":"2021-03-29T21:08:15","guid":{"rendered":"https:\/\/portalmovil.com.ar\/?p=23376"},"modified":"2021-03-29T18:08:18","modified_gmt":"2021-03-29T21:08:18","slug":"camioneros-del-chaco-pediran-ser-incluidos-en-el-programa-de-vacunacion-contra-el-covid-19","status":"publish","type":"post","link":"https:\/\/portalmovil.com.ar\/index.php\/2021\/03\/29\/camioneros-del-chaco-pediran-ser-incluidos-en-el-programa-de-vacunacion-contra-el-covid-19\/","title":{"rendered":"Camioneros del Chaco pedir\u00e1n ser incluidos en el programa de vacunaci\u00f3n contra el COVID-19"},"content":{"rendered":"\n<p>Desde el Sindicato de Camioneros de Chaco adelantaron que en los pr\u00f3ximos d\u00edas elevar\u00e1n un pedido a las autoridades del Gobierno Provincial para ser incluidos en el calendario de vacunaci\u00f3n contra el coronavirus de manera prioritaria, algo que se refleja como una extensi\u00f3n en todo el pa\u00eds desde cada sede sindical del \u00e1rea que encabeza Hugo Moyano.<\/p>\n\n\n\n<p>La novedad fue confirmada por el secretario general de Camioneros-Chaco\u00a0Juan Carlos Machado\u00a0en comunicaci\u00f3n con<strong>\u00a0<\/strong><em><strong>Radio Provincia<\/strong>,<\/em> donde argument\u00f3 esta maniobra \u201cpor el riesgo que pueden sufrir\u201d los trabajadores de ruta. \u201cComo dirigentes provinciales hoy o esta semana vamos a estar haciendo un pedido al Gobierno de que sean tenidos en cuenta nuestros choferes por el riesgo que pueden sufrir, sobre todo los compa\u00f1eros que est\u00e1n atravesando la frontera con pa\u00edses lim\u00edtrofes\u201d, inform\u00f3 el dirigente, y agreg\u00f3 que si bien estos \u201cson prioridad\u201d, la solicitud\u00a0\u201cva a ser por todos los choferes\u201d.<\/p>\n\n\n\n<p>\u201cLos camioneros est\u00e1n yendo por todo el pa\u00eds, y est\u00e1n siempre bajo un riesgo de contagiarse del virus.\u00a0Entre hoy o ma\u00f1ana estaremos haciendo la presentaci\u00f3n para que la ministra de Salud tenga en cuenta a los afiliados de camioneros para que tambi\u00e9n puedan ser vacunados, para que est\u00e9n dentro del programa de vacunaci\u00f3n\u201d, insisti\u00f3, y explic\u00f3 que esta medida contemplar\u00eda a la mitad de los casi 3.000 afiliados al sindicato que se desempe\u00f1an como choferes.<\/p>\n\n\n\n<p>\u201cLa necesidad es que sean vacunados, porque nunca se sabe cu\u00e1ndo van a tener que cruzar la frontera\u201d, sostuvo Machado, y remarc\u00f3 que la idea es que esto se concrete \u201clo m\u00e1s antes posible, porque hoy se est\u00e1 hablando en pa\u00edses lim\u00edtrofes de una nueva cepa, y si ya se est\u00e1 hablando entonces la necesidad es pronta. El chofer no puede esperar a ser vacunado para poder viajar a donde le toque\u201d.<\/p>\n\n\n\n<p>En l\u00ednea a esto, anticip\u00f3 que hoy se podr\u00eda realizar una reuni\u00f3n v\u00eda Zoom junto a la Federaci\u00f3n Nacional de Camioneros, que podr\u00eda tener la participaci\u00f3n de Moyano, para comunicar los avances de este pedido que busca involucrar a todas las provincias.<\/p>\n","protected":false},"excerpt":{"rendered":"<p>Desde el Sindicato de Camioneros de Chaco adelantaron que en los pr\u00f3ximos d\u00edas elevar\u00e1n un pedido a las autoridades del Gobierno Provincial para ser incluidos en el calendario de vacunaci\u00f3n contra el coronavirus de manera prioritaria, algo que se refleja como una extensi\u00f3n en todo el pa\u00eds desde cada sede sindical del \u00e1rea que encabeza &hellip;<\/p>\n","protected":false},"author":2,"featured_media":23377,"comment_status":"open","ping_status":"open","sticky":false,"template":"","format":"standard","meta":{"_jetpack_memberships_contains_paid_content":false,"footnotes":"","jetpack_publicize_message":"","jetpack_publicize_feature_enabled":true,"jetpack_social_post_already_shared":true,"jetpack_social_options":{"image_generator_settings":{"template":"highway","default_image_id":0,"font":"","enabled":false},"version":2}},"categories":[5,3],"tags":[],"class_list":["post-23376","post","type-post","status-publish","format-standard","has-post-thumbnail","hentry","category-chaco","category-sociedad"],"jetpack_publicize_connections":[],"jetpack_featured_media_url":"https:\/\/portalmovil.com.ar\/wp-content\/uploads\/2021\/03\/d71ce743-5caf-495b-b91e-2ff3cfa4cf63.jpg","jetpack_sharing_enabled":true,"amp_enabled":true,"_links":{"self":[{"href":"https:\/\/portalmovil.com.ar\/index.php\/wp-json\/wp\/v2\/posts\/23376","targetHints":{"allow":["GET"]}}],"collection":[{"href":"https:\/\/portalmovil.com.ar\/index.php\/wp-json\/wp\/v2\/posts"}],"about":[{"href":"https:\/\/portalmovil.com.ar\/index.php\/wp-json\/wp\/v2\/types\/post"}],"author":[{"embeddable":true,"href":"https:\/\/portalmovil.com.ar\/index.php\/wp-json\/wp\/v2\/users\/2"}],"replies":[{"embeddable":true,"href":"https:\/\/portalmovil.com.ar\/index.php\/wp-json\/wp\/v2\/comments?post=23376"}],"version-history":[{"count":1,"href":"https:\/\/portalmovil.com.ar\/index.php\/wp-json\/wp\/v2\/posts\/23376\/revisions"}],"predecessor-version":[{"id":23378,"href":"https:\/\/portalmovil.com.ar\/index.php\/wp-json\/wp\/v2\/posts\/23376\/revisions\/23378"}],"wp:featuredmedia":[{"embeddable":true,"href":"https:\/\/portalmovil.com.ar\/index.php\/wp-json\/wp\/v2\/media\/23377"}],"wp:attachment":[{"href":"https:\/\/portalmovil.com.ar\/index.php\/wp-json\/wp\/v2\/media?parent=23376"}],"wp:term":[{"taxonomy":"category","embeddable":true,"href":"https:\/\/portalmovil.com.ar\/index.php\/wp-json\/wp\/v2\/categories?post=23376"},{"taxonomy":"post_tag","embeddable":true,"href":"https:\/\/portalmovil.com.ar\/index.php\/wp-json\/wp\/v2\/tags?post=23376"}],"curies":[{"name":"wp","href":"https:\/\/api.w.org\/{rel}","templated":true}]}}