{"id":2336,"date":"2020-02-23T23:30:39","date_gmt":"2020-02-24T02:30:39","guid":{"rendered":"http:\/\/portalmovil.com.ar\/?p=2336"},"modified":"2020-02-23T23:30:47","modified_gmt":"2020-02-24T02:30:47","slug":"resistencia-para-la-direccion-de-transito-la-falta-cometida-por-facundo-sampayo-es-comun-en-la-ciudad","status":"publish","type":"post","link":"https:\/\/portalmovil.com.ar\/index.php\/2020\/02\/23\/resistencia-para-la-direccion-de-transito-la-falta-cometida-por-facundo-sampayo-es-comun-en-la-ciudad\/","title":{"rendered":"Resistencia: Para la Direcci\u00f3n de Transito, la falta cometida por Facundo Sampayo \u00abes com\u00fan en la ciudad\u00bb"},"content":{"rendered":"\n<p>El director general de la Direcci\u00f3n de Tr\u00e1nsito del Municipalidad de Resistencia, <strong>Dar\u00edo Sard<\/strong>i, en la jornada de hoy hablo sobre la situaci\u00f3n de Facundo Sampayo, tras haber violado la <strong>Ley de Transito 24.449<\/strong> en su articulo 49 donde indica \u00ab<strong>LA PROHIBICI\u00d3N DE ESTACIONAMIENTO EN ZONA URBANA<\/strong>\u00bb  quien ademas fue \u201c<strong>omitido<\/strong>\u201d por los inspectores para realizarle la <strong>multa<\/strong> y <strong>secuestro<\/strong> del veh\u00edculo.<\/p>\n\n\n\n<p>Luego de la denuncia por parte de autoridades de la comuna. Sardi asegur\u00f3 que \u00ab<strong>los inspectores actuaron conforme a las reglamentaciones vigentes<\/strong>\u201d. \u201cEn cuanto se observ\u00f3 el veh\u00edculo mal estacionado, se labr\u00f3 el acta de infracci\u00f3n y si no fue removido es porque el conductor lo retir\u00f3 del lugar, cesando de esa forma la infracci\u00f3n\u201d, indic\u00f3.\u00a0<\/p>\n\n\n\n<p>Explic\u00f3 que \u201c<strong>esta es una de las faltas m\u00e1s comunes en la ciudad, algo que a menudo los inspectores viven. Cuando se observa una infracci\u00f3n de esta naturaleza, lo primero que hace el funcionario es buscar corregir la falta usando los medios con los que cuenta, ya sea haciendo sonar el silbato, sirena e incluso ingresando a alg\u00fan lugar que se presume que puede estar el conductor<\/strong>\u201d, Sostuvo el director.\u00a0 <\/p>\n\n\n\n<p>Adem\u00e1s agreg\u00f3, \u00ab<strong>de todas formas vamos a seguir los procesos administrativos correspondientes para determinar si existe responsabilidad alguna por parte del alg\u00fan inspector mediante, la informaci\u00f3n sumaria de rigor\u00bb.<\/strong>\u00a0Adem\u00e1s apunt\u00f3 a que \u201cque esto tiene otro tinte, y tiene que ver con\u00a0 declaraciones p\u00fablicas en el <strong>\u00e1mbito gremia<\/strong>l\u201d.<\/p>\n\n\n\n<p>En tanto, ante la supuesta <strong>omisi\u00f3n<\/strong> en el informe de la <strong>Prensa de Tr\u00e1nsito<\/strong>, <strong>Nicol\u00e1s Barrionuevo a cargo del \u00e1rea<\/strong> dijo que \u201cno se mencion\u00f3 el hecho porque en realidad fue una infracci\u00f3n de las m\u00e1s comunes que suelen darse, <strong>no hubo inspector agredido ni conducta violenta que amerite hacer alusi\u00f3n especial y adem\u00e1s se realiz\u00f3 el acta<\/strong>\u201d.\u00a0<\/p>\n\n\n\n<p>Sin embargo, la aclaraci\u00f3n hecha por el director de Tr\u00e1nsito <strong>no menciona el pedido del control de alcoholemia<\/strong> hecho por e<strong>l subsecretario de Tr\u00e1nsito y Seguridad Vial, Mat\u00edas Breard<\/strong>, ni el motivo por el que los inspectores hicieron caso omiso a esta orden. <\/p>\n","protected":false},"excerpt":{"rendered":"<p>El director general de la Direcci\u00f3n de Tr\u00e1nsito del Municipalidad de Resistencia, Dar\u00edo Sardi, en la jornada de hoy hablo sobre la situaci\u00f3n de Facundo Sampayo, tras haber violado la Ley de Transito 24.449 en su articulo 49 donde indica \u00abLA PROHIBICI\u00d3N DE ESTACIONAMIENTO EN ZONA URBANA\u00bb quien ademas fue \u201comitido\u201d por los inspectores para &hellip;<\/p>\n","protected":false},"author":2,"featured_media":2338,"comment_status":"open","ping_status":"open","sticky":false,"template":"","format":"standard","meta":{"_jetpack_memberships_contains_paid_content":false,"footnotes":"","jetpack_publicize_message":"","jetpack_publicize_feature_enabled":true,"jetpack_social_post_already_shared":true,"jetpack_social_options":{"image_generator_settings":{"template":"highway","default_image_id":0,"font":"","enabled":false},"version":2}},"categories":[37],"tags":[],"class_list":["post-2336","post","type-post","status-publish","format-standard","has-post-thumbnail","hentry","category-resistencia"],"jetpack_publicize_connections":[],"jetpack_featured_media_url":"https:\/\/portalmovil.com.ar\/wp-content\/uploads\/2020\/02\/stm_facundo_sampayo_y_dario_sardi_1_98823_98823.jpg","jetpack_sharing_enabled":true,"amp_enabled":true,"_links":{"self":[{"href":"https:\/\/portalmovil.com.ar\/index.php\/wp-json\/wp\/v2\/posts\/2336","targetHints":{"allow":["GET"]}}],"collection":[{"href":"https:\/\/portalmovil.com.ar\/index.php\/wp-json\/wp\/v2\/posts"}],"about":[{"href":"https:\/\/portalmovil.com.ar\/index.php\/wp-json\/wp\/v2\/types\/post"}],"author":[{"embeddable":true,"href":"https:\/\/portalmovil.com.ar\/index.php\/wp-json\/wp\/v2\/users\/2"}],"replies":[{"embeddable":true,"href":"https:\/\/portalmovil.com.ar\/index.php\/wp-json\/wp\/v2\/comments?post=2336"}],"version-history":[{"count":1,"href":"https:\/\/portalmovil.com.ar\/index.php\/wp-json\/wp\/v2\/posts\/2336\/revisions"}],"predecessor-version":[{"id":2339,"href":"https:\/\/portalmovil.com.ar\/index.php\/wp-json\/wp\/v2\/posts\/2336\/revisions\/2339"}],"wp:featuredmedia":[{"embeddable":true,"href":"https:\/\/portalmovil.com.ar\/index.php\/wp-json\/wp\/v2\/media\/2338"}],"wp:attachment":[{"href":"https:\/\/portalmovil.com.ar\/index.php\/wp-json\/wp\/v2\/media?parent=2336"}],"wp:term":[{"taxonomy":"category","embeddable":true,"href":"https:\/\/portalmovil.com.ar\/index.php\/wp-json\/wp\/v2\/categories?post=2336"},{"taxonomy":"post_tag","embeddable":true,"href":"https:\/\/portalmovil.com.ar\/index.php\/wp-json\/wp\/v2\/tags?post=2336"}],"curies":[{"name":"wp","href":"https:\/\/api.w.org\/{rel}","templated":true}]}}