{"id":23276,"date":"2021-03-28T13:14:18","date_gmt":"2021-03-28T16:14:18","guid":{"rendered":"https:\/\/portalmovil.com.ar\/?p=23276"},"modified":"2021-03-28T13:14:30","modified_gmt":"2021-03-28T16:14:30","slug":"covid-19-desde-este-lunes-se-colocara-la-primera-vacuna-y-la-segunda-se-postergara","status":"publish","type":"post","link":"https:\/\/portalmovil.com.ar\/index.php\/2021\/03\/28\/covid-19-desde-este-lunes-se-colocara-la-primera-vacuna-y-la-segunda-se-postergara\/","title":{"rendered":"Covid-19: Desde este lunes se colocar\u00e1 la primera vacuna y la segunda se postergar\u00e1"},"content":{"rendered":"\n<p>En el marco de la Campa\u00f1a de Vacunaci\u00f3n Provincial contra el COVID-19, el Ministerio de Salud P\u00fablica del Chaco informa que desde este lunes 29 de marzo, por decisi\u00f3n de la totalidad de las ministras y los ministros de Salud del pa\u00eds, se aplicar\u00e1 \u00fanicamente la primera dosis a la poblaci\u00f3n objetivo y se postergar\u00e1 por tres meses la aplicaci\u00f3n de la segunda dosis (tanto para quienes ya recibieron la primera dosis, como para quienes reciban la vacuna a partir de esa fecha).<\/p>\n\n\n\n<p>La estrategia se pondr\u00e1 en marcha con todas las vacunas contra el COVID-19 y permitir\u00e1 avanzar en una mayor cantidad de personas inmunizadas en menor tiempo, reducir internaciones y muertes, y ampliar de manera igualitaria y equitativa la cobertura frente a una segunda ola de coronavirus. La poblaci\u00f3n objetivo puede consultar d\u00eda, hora y lugar de vacunaci\u00f3n para primera dosis en https:\/\/elijovacunarme.chaco.gob.ar\/.<\/p>\n\n\n\n<p>La ministra de Salud P\u00fablica del Chaco, Paola Ben\u00edtez, detall\u00f3 al respecto que \u201cse lleg\u00f3 a un consenso con el Ministerio de Salud de la Naci\u00f3n en relaci\u00f3n a la aplicaci\u00f3n de la segunda dosis para todas la vacunas contra el COVID-19, que se va a realizar luego de los tres meses de recibida la primera dosis\u201d.<\/p>\n\n\n\n<p>Ben\u00edtez expres\u00f3 que la estrategia a implementarse a partir del lunes 29 de marzo tiene como objetivo que \u201cpodamos avanzar r\u00e1pidamente en la colocaci\u00f3n de las primeras dosis a un n\u00famero mayor de personas, as\u00ed podemos hacer una cobertura lo m\u00e1s r\u00e1pida de la poblaci\u00f3n de riesgo\u201d. La funcionaria destac\u00f3 que \u201cqueremos retardar el mayor tiempo posible la eventual llegada de una nueva cepa y de una segunda ola, para poder cuidarnos y avanzar en la vacunaci\u00f3n de los grupos de riesgo y de la poblaci\u00f3n del Chaco, y de esta manera disminuir el riesgo de padecer la enfermedad en forma grave o la mortalidad\u201d.<\/p>\n","protected":false},"excerpt":{"rendered":"<p>En el marco de la Campa\u00f1a de Vacunaci\u00f3n Provincial contra el COVID-19, el Ministerio de Salud P\u00fablica del Chaco informa que desde este lunes 29 de marzo, por decisi\u00f3n de la totalidad de las ministras y los ministros de Salud del pa\u00eds, se aplicar\u00e1 \u00fanicamente la primera dosis a la poblaci\u00f3n objetivo y se postergar\u00e1 &hellip;<\/p>\n","protected":false},"author":2,"featured_media":21531,"comment_status":"open","ping_status":"open","sticky":false,"template":"","format":"standard","meta":{"_jetpack_memberships_contains_paid_content":false,"footnotes":"","jetpack_publicize_message":"","jetpack_publicize_feature_enabled":true,"jetpack_social_post_already_shared":true,"jetpack_social_options":{"image_generator_settings":{"template":"highway","default_image_id":0,"font":"","enabled":false},"version":2}},"categories":[5,46,12],"tags":[],"class_list":["post-23276","post","type-post","status-publish","format-standard","has-post-thumbnail","hentry","category-chaco","category-salud","category-ultimo"],"jetpack_publicize_connections":[],"jetpack_featured_media_url":"https:\/\/portalmovil.com.ar\/wp-content\/uploads\/2021\/02\/vacuna-sputnik.jpg","jetpack_sharing_enabled":true,"amp_enabled":true,"_links":{"self":[{"href":"https:\/\/portalmovil.com.ar\/index.php\/wp-json\/wp\/v2\/posts\/23276","targetHints":{"allow":["GET"]}}],"collection":[{"href":"https:\/\/portalmovil.com.ar\/index.php\/wp-json\/wp\/v2\/posts"}],"about":[{"href":"https:\/\/portalmovil.com.ar\/index.php\/wp-json\/wp\/v2\/types\/post"}],"author":[{"embeddable":true,"href":"https:\/\/portalmovil.com.ar\/index.php\/wp-json\/wp\/v2\/users\/2"}],"replies":[{"embeddable":true,"href":"https:\/\/portalmovil.com.ar\/index.php\/wp-json\/wp\/v2\/comments?post=23276"}],"version-history":[{"count":1,"href":"https:\/\/portalmovil.com.ar\/index.php\/wp-json\/wp\/v2\/posts\/23276\/revisions"}],"predecessor-version":[{"id":23277,"href":"https:\/\/portalmovil.com.ar\/index.php\/wp-json\/wp\/v2\/posts\/23276\/revisions\/23277"}],"wp:featuredmedia":[{"embeddable":true,"href":"https:\/\/portalmovil.com.ar\/index.php\/wp-json\/wp\/v2\/media\/21531"}],"wp:attachment":[{"href":"https:\/\/portalmovil.com.ar\/index.php\/wp-json\/wp\/v2\/media?parent=23276"}],"wp:term":[{"taxonomy":"category","embeddable":true,"href":"https:\/\/portalmovil.com.ar\/index.php\/wp-json\/wp\/v2\/categories?post=23276"},{"taxonomy":"post_tag","embeddable":true,"href":"https:\/\/portalmovil.com.ar\/index.php\/wp-json\/wp\/v2\/tags?post=23276"}],"curies":[{"name":"wp","href":"https:\/\/api.w.org\/{rel}","templated":true}]}}