{"id":23230,"date":"2021-03-27T12:29:38","date_gmt":"2021-03-27T15:29:38","guid":{"rendered":"https:\/\/portalmovil.com.ar\/?p=23230"},"modified":"2021-03-27T14:53:12","modified_gmt":"2021-03-27T17:53:12","slug":"capitanich-presento-el-plan-chaco-reactiva","status":"publish","type":"post","link":"https:\/\/portalmovil.com.ar\/index.php\/2021\/03\/27\/capitanich-presento-el-plan-chaco-reactiva\/","title":{"rendered":"Capitanich present\u00f3 el plan \u201cChaco Reactiva\u201d"},"content":{"rendered":"\n<p>Este s\u00e1bado por la ma\u00f1ana el gobernador del Chaco Jorge&nbsp;Capitanich&nbsp;junto al ministro de Planificaci\u00f3n, Econom\u00eda e Infraestructura Santiago P\u00e9rez Pons, lanzaron el plan \u201cChaco Reactiva\u201d con los lineamientos de la agenda econ\u00f3mica de la provincia de cara al inicio del 2021 para una recuperaci\u00f3n sostenida.&nbsp;<\/p>\n\n\n\n<p>En el discurso inicial, el ministro P\u00e9rez Pons indic\u00f3 que \u201cvenimos de a\u00f1os muy duros para la econom\u00eda\u201d, sin embargo, destac\u00f3 que \u201clos \u00faltimos indicadores son auspiciosos\u201d. \u201cEl simple rebote de la econom\u00eda no alcanza, hoy queremos presentar una estrategia que busca no solamente impulsar el nivel de&nbsp;actividad,&nbsp;sino que tambi\u00e9n permite encontrar medidas para mejorar las condiciones estructurales que tiene nuestra econom\u00eda para un crecimiento sostenido\u201d, plante\u00f3.&nbsp;<\/p>\n\n\n\n<p>En ese sentido, el ministro detall\u00f3 tres ejes sobre los cuales se construye el nuevo plan, uno de car\u00e1cter m\u00e1s social que plantea \u201cinclusi\u00f3n digital\u201d mediante una serie de cr\u00e9ditos a tasa subsidiada desde el Nuevo Banco del Chaco para la compra de dispositivos electr\u00f3nicos; beneficios en compra de alimentos y bebidas con el retorno de \u201csuperdescuentos\u201d para productos de la canasta b\u00e1sica; y beneficios para fortalecer el comercio online de los emprendedores.&nbsp;<\/p>\n\n\n\n<p>A su vez, el funcionario anticip\u00f3 un aumento en el monto de la Renta M\u00ednima Progresiva con ampliaci\u00f3n de beneficiarios y el objetivo de alcanzar 30.000 familias para este a\u00f1o; fortalecimiento en comedores y merenderos; apoyo al deporte y clubes de barrio; y una l\u00ednea de cr\u00e9ditos no bancarizada para las personas que se encuentra excluidas del sistema formal en un marco de \u201cinclusi\u00f3n financiera\u201d.&nbsp;<\/p>\n\n\n\n<p>En lo que respecta al segundo eje, P\u00e9rez Pons destac\u00f3 que \u201cnecesitamos potenciar la producci\u00f3n y el empleo\u201d, por lo cual, adelant\u00f3 que se llevar\u00e1 a cabo un programa de j\u00f3venes para el fortalecimiento y reinserci\u00f3n laboral; incentivo a carreras educativas \u201cestrat\u00e9gicas\u201d con nuevas becas de grado, posgrado, pasant\u00edas, pr\u00e1cticas profesionales, y acceso al primer empleo; reg\u00edmenes de incentivo de teletrabajo; y subsidios salariales para personas que se inserten al mercado laboral teniendo m\u00e1s de 50 a\u00f1os.&nbsp;<\/p>\n\n\n\n<p>Asimismo, se\u00f1al\u00f3 que \u201cvamos a readecuar el r\u00e9gimen de producci\u00f3n industrial de la provincia. Ampliando el reintegro y permitiendo que las empresas puedan acceder a m\u00e1s de un plan de financiamiento a la vez\u201d, y sum\u00f3 que \u201cvamos a ampliar las l\u00edneas de cr\u00e9ditos para la producci\u00f3n industrial, para grandes, peque\u00f1as y tambi\u00e9n emprendedores\u201d.&nbsp;<\/p>\n\n\n\n<p>En relaci\u00f3n al tercer punto, el ministro refiri\u00f3 a un plan de inversi\u00f3n p\u00fablica que caracteriz\u00f3 de \u201cambicioso\u201d, sobre el cual detall\u00f3 que contemplar\u00e1 inversiones promedio de $700 millones por municipio. \u201cEste plan va a ser integral\u201d, asegur\u00f3, y detall\u00f3 que&nbsp;que se tratar\u00e1n de nuevas obras de viviendas e infraestructura escolar, ejecuci\u00f3n de&nbsp;nuevas l\u00edneas subsidiadas para refacci\u00f3n de hogares, y la entrega de aportes no reembolsables para m\u00e1s de 300 organizaciones civiles en todos los municipios con destino a obras de infraestructura y adquisici\u00f3n de herramientas.&nbsp;<\/p>\n\n\n\n<p>En cuestiones generales, el ministro tambi\u00e9n plante\u00f3 la necesidad de incentivar la inversi\u00f3n privada e impulsar el consumo, la diversificaci\u00f3n de la estructura productiva, una sinergia entre financiamientos p\u00fablicos y privados, y la necesidad de adaptaci\u00f3n a los avances tecnol\u00f3gicos en cuestiones de empleo.&nbsp;<\/p>\n\n\n\n<p>\u201cChaco Reactiva es el marco econ\u00f3mico en que el gabinete provincial implementa medidas econ\u00f3micas para construir el camino de desarrollo sostenible. Son $52 mil millones que el Estado va a invertir para mejorar el mercado interno, para mejorar y potenciar nuestra producci\u00f3n y empleo, y para generar el plan de infraestructura m\u00e1s ambicioso de los \u00faltimos a\u00f1os\u201d, precis\u00f3 el ministro, y agreg\u00f3 que \u201ccada medida tiene que tener perspectiva de g\u00e9nero, una visi\u00f3n de inserci\u00f3n internacional, y responsabilidad desde la sostenibilidad ambiental\u201d.&nbsp;<\/p>\n\n\n\n<p>\u201cEl a\u00f1o 2020 fue el a\u00f1o de la contenci\u00f3n. El Estado puso todos sus recursos para garantizar un piso m\u00ednimo de ingreso a las familias, sostener la capacidad productiva, trabajar constantemente d\u00e1ndole un ingreso a los trabajadores informales. Necesitamos salir y promover para el 2021 una agenda de crecimiento\u201d, finaliz\u00f3.&nbsp;<\/p>\n","protected":false},"excerpt":{"rendered":"<p>Este s\u00e1bado por la ma\u00f1ana el gobernador del Chaco Jorge&nbsp;Capitanich&nbsp;junto al ministro de Planificaci\u00f3n, Econom\u00eda e Infraestructura Santiago P\u00e9rez Pons, lanzaron el plan \u201cChaco Reactiva\u201d con los lineamientos de la agenda econ\u00f3mica de la provincia de cara al inicio del 2021 para una recuperaci\u00f3n sostenida.&nbsp; En el discurso inicial, el ministro P\u00e9rez Pons indic\u00f3 que &hellip;<\/p>\n","protected":false},"author":2,"featured_media":23252,"comment_status":"open","ping_status":"open","sticky":false,"template":"","format":"standard","meta":{"_jetpack_memberships_contains_paid_content":false,"footnotes":"","jetpack_publicize_message":"","jetpack_publicize_feature_enabled":true,"jetpack_social_post_already_shared":true,"jetpack_social_options":{"image_generator_settings":{"template":"highway","default_image_id":0,"font":"","enabled":false},"version":2}},"categories":[5,175,12],"tags":[],"class_list":["post-23230","post","type-post","status-publish","format-standard","has-post-thumbnail","hentry","category-chaco","category-economia","category-ultimo"],"jetpack_publicize_connections":[],"jetpack_featured_media_url":"https:\/\/portalmovil.com.ar\/wp-content\/uploads\/2021\/03\/061ce808cbd264ebdece484e019a18e5.jpg","jetpack_sharing_enabled":true,"amp_enabled":true,"_links":{"self":[{"href":"https:\/\/portalmovil.com.ar\/index.php\/wp-json\/wp\/v2\/posts\/23230","targetHints":{"allow":["GET"]}}],"collection":[{"href":"https:\/\/portalmovil.com.ar\/index.php\/wp-json\/wp\/v2\/posts"}],"about":[{"href":"https:\/\/portalmovil.com.ar\/index.php\/wp-json\/wp\/v2\/types\/post"}],"author":[{"embeddable":true,"href":"https:\/\/portalmovil.com.ar\/index.php\/wp-json\/wp\/v2\/users\/2"}],"replies":[{"embeddable":true,"href":"https:\/\/portalmovil.com.ar\/index.php\/wp-json\/wp\/v2\/comments?post=23230"}],"version-history":[{"count":1,"href":"https:\/\/portalmovil.com.ar\/index.php\/wp-json\/wp\/v2\/posts\/23230\/revisions"}],"predecessor-version":[{"id":23232,"href":"https:\/\/portalmovil.com.ar\/index.php\/wp-json\/wp\/v2\/posts\/23230\/revisions\/23232"}],"wp:featuredmedia":[{"embeddable":true,"href":"https:\/\/portalmovil.com.ar\/index.php\/wp-json\/wp\/v2\/media\/23252"}],"wp:attachment":[{"href":"https:\/\/portalmovil.com.ar\/index.php\/wp-json\/wp\/v2\/media?parent=23230"}],"wp:term":[{"taxonomy":"category","embeddable":true,"href":"https:\/\/portalmovil.com.ar\/index.php\/wp-json\/wp\/v2\/categories?post=23230"},{"taxonomy":"post_tag","embeddable":true,"href":"https:\/\/portalmovil.com.ar\/index.php\/wp-json\/wp\/v2\/tags?post=23230"}],"curies":[{"name":"wp","href":"https:\/\/api.w.org\/{rel}","templated":true}]}}