{"id":23183,"date":"2021-03-26T16:52:27","date_gmt":"2021-03-26T19:52:27","guid":{"rendered":"https:\/\/portalmovil.com.ar\/?p=23183"},"modified":"2021-03-26T16:52:37","modified_gmt":"2021-03-26T19:52:37","slug":"torrente-para-el-gobierno-es-fundamental-garantizar-el-derecho-a-la-educacion","status":"publish","type":"post","link":"https:\/\/portalmovil.com.ar\/index.php\/2021\/03\/26\/torrente-para-el-gobierno-es-fundamental-garantizar-el-derecho-a-la-educacion\/","title":{"rendered":"Torrente: \u201cPara el Gobierno es fundamental garantizar el derecho a la educaci\u00f3n\u201d"},"content":{"rendered":"\n<p>La ministra de Educaci\u00f3n Daniela Torrente destac\u00f3 el proceso de di\u00e1logo permanente con todos los sindicatos docentes luego del acuerdo salarial arribado entre el gobierno provincial y 15 sindicatos. El acuerdo garantiza un piso salarial del 34,6% para el 2021, la vigencia de la cl\u00e1usula gatillo, el aumento de 800 puntos al Valor del Punto en marzo y en agosto.<\/p>\n\n\n\n<p>\u201cPara nosotros es fundamental garantizar el derecho a la educaci\u00f3n, y tambi\u00e9n no nos olvidemos que en las escuelas chaque\u00f1as comen m\u00e1s de la mitad de los y las estudiantes que asisten, por lo tanto tambi\u00e9n estamos de alguna manera condicionando la garant\u00eda a ejercer el derecho a la alimentaci\u00f3n\u201d, expres\u00f3.<\/p>\n\n\n\n<p>De esta manera reconoci\u00f3 la importancia de la mesa de negociaci\u00f3n en el marco de la Comisi\u00f3n de Pol\u00edtica Salarial y Condiciones de Trabajo Docente donde se avanz\u00f3 para llegar a este acuerdo, aprobado este viernes por 15 de los 18 sindicatos. \u201cLo que implica un acuerdo realmente mayoritario, as\u00ed que no estar\u00e1n contemplados de manera remunerativa los d\u00edas que decidan hacer paro\u201d, indic\u00f3.<\/p>\n\n\n\n<p>La ministra advirti\u00f3 que los gremios que no han aceptado la propuesta lo han hecho por diferencias que no se asocian a la propuesta en s\u00ed. \u201cLas diferencias eran menores pero eran imposibles de afrontar, as\u00ed que no tomaremos ning\u00fan tipo de medidas en concepto de sanciones\u201d.<\/p>\n\n\n\n<p>Adem\u00e1s destac\u00f3 a las y los docentes que empezaron desde el d\u00eda 1 de marzo las clases presenciales en las instituciones educativas. \u201cHay muchos docentes que a pesar de saber que el reclamo salarial era necesario, porque necesitaban una recomposici\u00f3n, estuvieron trabajando y asistiendo a las escuelas, por lo que para nosotros era fundamental llegar a un acuerdo de manera tal de poder pagar el aumento ya en el mes de marzo\u201d, concluy\u00f3.<\/p>\n","protected":false},"excerpt":{"rendered":"<p>La ministra de Educaci\u00f3n Daniela Torrente destac\u00f3 el proceso de di\u00e1logo permanente con todos los sindicatos docentes luego del acuerdo salarial arribado entre el gobierno provincial y 15 sindicatos. El acuerdo garantiza un piso salarial del 34,6% para el 2021, la vigencia de la cl\u00e1usula gatillo, el aumento de 800 puntos al Valor del Punto &hellip;<\/p>\n","protected":false},"author":2,"featured_media":23184,"comment_status":"open","ping_status":"open","sticky":false,"template":"","format":"standard","meta":{"_jetpack_memberships_contains_paid_content":false,"footnotes":"","jetpack_publicize_message":"","jetpack_publicize_feature_enabled":true,"jetpack_social_post_already_shared":true,"jetpack_social_options":{"image_generator_settings":{"template":"highway","default_image_id":0,"font":"","enabled":false},"version":2}},"categories":[5],"tags":[],"class_list":["post-23183","post","type-post","status-publish","format-standard","has-post-thumbnail","hentry","category-chaco"],"jetpack_publicize_connections":[],"jetpack_featured_media_url":"https:\/\/portalmovil.com.ar\/wp-content\/uploads\/2021\/03\/d804fd76bfb2acdee0fe33084a7fb109.jpg","jetpack_sharing_enabled":true,"amp_enabled":true,"_links":{"self":[{"href":"https:\/\/portalmovil.com.ar\/index.php\/wp-json\/wp\/v2\/posts\/23183","targetHints":{"allow":["GET"]}}],"collection":[{"href":"https:\/\/portalmovil.com.ar\/index.php\/wp-json\/wp\/v2\/posts"}],"about":[{"href":"https:\/\/portalmovil.com.ar\/index.php\/wp-json\/wp\/v2\/types\/post"}],"author":[{"embeddable":true,"href":"https:\/\/portalmovil.com.ar\/index.php\/wp-json\/wp\/v2\/users\/2"}],"replies":[{"embeddable":true,"href":"https:\/\/portalmovil.com.ar\/index.php\/wp-json\/wp\/v2\/comments?post=23183"}],"version-history":[{"count":1,"href":"https:\/\/portalmovil.com.ar\/index.php\/wp-json\/wp\/v2\/posts\/23183\/revisions"}],"predecessor-version":[{"id":23185,"href":"https:\/\/portalmovil.com.ar\/index.php\/wp-json\/wp\/v2\/posts\/23183\/revisions\/23185"}],"wp:featuredmedia":[{"embeddable":true,"href":"https:\/\/portalmovil.com.ar\/index.php\/wp-json\/wp\/v2\/media\/23184"}],"wp:attachment":[{"href":"https:\/\/portalmovil.com.ar\/index.php\/wp-json\/wp\/v2\/media?parent=23183"}],"wp:term":[{"taxonomy":"category","embeddable":true,"href":"https:\/\/portalmovil.com.ar\/index.php\/wp-json\/wp\/v2\/categories?post=23183"},{"taxonomy":"post_tag","embeddable":true,"href":"https:\/\/portalmovil.com.ar\/index.php\/wp-json\/wp\/v2\/tags?post=23183"}],"curies":[{"name":"wp","href":"https:\/\/api.w.org\/{rel}","templated":true}]}}