{"id":23075,"date":"2021-03-25T13:17:35","date_gmt":"2021-03-25T16:17:35","guid":{"rendered":"https:\/\/portalmovil.com.ar\/?p=23075"},"modified":"2021-03-25T13:17:38","modified_gmt":"2021-03-25T16:17:38","slug":"un-nene-de-7-anos-fue-abandonado-por-su-mama-en-una-plaza","status":"publish","type":"post","link":"https:\/\/portalmovil.com.ar\/index.php\/2021\/03\/25\/un-nene-de-7-anos-fue-abandonado-por-su-mama-en-una-plaza\/","title":{"rendered":"Un nene de 7 a\u00f1os fue abandonado por su mam\u00e1 en una plaza"},"content":{"rendered":"\n<p>Un nene de siete a\u00f1os fue abandonado en una plaza de Grand Bourg por su madre.<\/p>\n\n\n\n<p>Seg\u00fan explic\u00f3 posteriormente un familiar, la mujer \u00abtiene problemas mentales\u00bb. El chiquito fue rescatado por la Polic\u00eda y llevado a un centro asistencial, donde fue puesto r\u00e1pidamente a resguardo.<\/p>\n\n\n\n<p>El menor fue dejado en la estaci\u00f3n de trenes provisoria de Grand Bourg (Provincia de Buenos Aires), en Malvinas Argentinas. Agregaron que \u00abla mam\u00e1 dio aviso de que lo iba a abandonar en ese lugar y lo dej\u00f3 durante tres horas con el documento en la mano en el medio de la lluvia y una nota que dec\u00eda que \u00abno lo pod\u00eda mantener m\u00e1s\u00bb.<\/p>\n\n\n\n<p>Al llegar, los efectivos policiales le dieron r\u00e1pida contenci\u00f3n al nene y lo trasladaron, por orden de la Fiscal\u00eda de turno, a un centro asistencial para realizar lo que se conoce como precario m\u00e9dico, para revisi\u00f3n de su cuadro general.<\/p>\n","protected":false},"excerpt":{"rendered":"<p>Un nene de siete a\u00f1os fue abandonado en una plaza de Grand Bourg por su madre. Seg\u00fan explic\u00f3 posteriormente un familiar, la mujer \u00abtiene problemas mentales\u00bb. El chiquito fue rescatado por la Polic\u00eda y llevado a un centro asistencial, donde fue puesto r\u00e1pidamente a resguardo. El menor fue dejado en la estaci\u00f3n de trenes provisoria &hellip;<\/p>\n","protected":false},"author":2,"featured_media":23076,"comment_status":"open","ping_status":"open","sticky":false,"template":"","format":"standard","meta":{"_jetpack_memberships_contains_paid_content":false,"footnotes":"","jetpack_publicize_message":"","jetpack_publicize_feature_enabled":true,"jetpack_social_post_already_shared":true,"jetpack_social_options":{"image_generator_settings":{"template":"highway","default_image_id":0,"font":"","enabled":false},"version":2}},"categories":[34],"tags":[],"class_list":["post-23075","post","type-post","status-publish","format-standard","has-post-thumbnail","hentry","category-nacional"],"jetpack_publicize_connections":[],"jetpack_featured_media_url":"https:\/\/portalmovil.com.ar\/wp-content\/uploads\/2021\/03\/Nene-de-7-anos-abandonado.jpg","jetpack_sharing_enabled":true,"amp_enabled":true,"_links":{"self":[{"href":"https:\/\/portalmovil.com.ar\/index.php\/wp-json\/wp\/v2\/posts\/23075","targetHints":{"allow":["GET"]}}],"collection":[{"href":"https:\/\/portalmovil.com.ar\/index.php\/wp-json\/wp\/v2\/posts"}],"about":[{"href":"https:\/\/portalmovil.com.ar\/index.php\/wp-json\/wp\/v2\/types\/post"}],"author":[{"embeddable":true,"href":"https:\/\/portalmovil.com.ar\/index.php\/wp-json\/wp\/v2\/users\/2"}],"replies":[{"embeddable":true,"href":"https:\/\/portalmovil.com.ar\/index.php\/wp-json\/wp\/v2\/comments?post=23075"}],"version-history":[{"count":1,"href":"https:\/\/portalmovil.com.ar\/index.php\/wp-json\/wp\/v2\/posts\/23075\/revisions"}],"predecessor-version":[{"id":23077,"href":"https:\/\/portalmovil.com.ar\/index.php\/wp-json\/wp\/v2\/posts\/23075\/revisions\/23077"}],"wp:featuredmedia":[{"embeddable":true,"href":"https:\/\/portalmovil.com.ar\/index.php\/wp-json\/wp\/v2\/media\/23076"}],"wp:attachment":[{"href":"https:\/\/portalmovil.com.ar\/index.php\/wp-json\/wp\/v2\/media?parent=23075"}],"wp:term":[{"taxonomy":"category","embeddable":true,"href":"https:\/\/portalmovil.com.ar\/index.php\/wp-json\/wp\/v2\/categories?post=23075"},{"taxonomy":"post_tag","embeddable":true,"href":"https:\/\/portalmovil.com.ar\/index.php\/wp-json\/wp\/v2\/tags?post=23075"}],"curies":[{"name":"wp","href":"https:\/\/api.w.org\/{rel}","templated":true}]}}