{"id":23070,"date":"2021-03-25T10:53:27","date_gmt":"2021-03-25T13:53:27","guid":{"rendered":"https:\/\/portalmovil.com.ar\/?p=23070"},"modified":"2021-03-25T18:59:25","modified_gmt":"2021-03-25T21:59:25","slug":"saenz-pena-dio-inicio-al-curso-de-motoristas","status":"publish","type":"post","link":"https:\/\/portalmovil.com.ar\/index.php\/2021\/03\/25\/saenz-pena-dio-inicio-al-curso-de-motoristas\/","title":{"rendered":"S\u00e1enz Pe\u00f1a: Dio inicio al curso de motoristas"},"content":{"rendered":"\n<p>Con una duraci\u00f3n de 12 d\u00edas de corrido en modalidad de internado.<\/p>\n\n\n\n<p>Los cursantes son efectivos con prestaci\u00f3n de servicio en las localidades de Villa \u00c1ngela, Charata, Juan Jos\u00e9 Castelli y S\u00e1enz Pe\u00f1a. La capacitaci\u00f3n consiste en el conocimiento pr\u00e1ctico y te\u00f3rico en operaciones motorizadas, manejo de armas de fuego, defensa personal y nataci\u00f3n. Tambi\u00e9n tratan temas del marco legal y derechos humanos.<\/p>\n\n\n\n<p>Inicio el 18 de este mes y se estima finalizara el Mi\u00e9rcoles 31. Est\u00e1 dictado por instructores de la Divisi\u00f3n COM de la ciudad de Resistencia y S\u00e1enz Pe\u00f1a. Supervisan el mismo, el Comisario Mayor Cristian Ver\u00f3n Jefe de la Divisi\u00f3n 911 de Resistencia y el Comisario Ra\u00fal Fern\u00e1ndez Jefe de la Divisi\u00f3n COM de Resistencia.<\/p>\n\n\n\n<div class=\"wp-block-image\"><figure class=\"aligncenter size-large\"><img loading=\"lazy\" decoding=\"async\" width=\"819\" height=\"1024\" src=\"https:\/\/portalmovil.com.ar\/wp-content\/uploads\/2021\/03\/ef43dcea-c4cb-450e-a9b7-fb0a065d557c-819x1024.jpg\" alt=\"\" class=\"wp-image-23115\" srcset=\"https:\/\/portalmovil.com.ar\/wp-content\/uploads\/2021\/03\/ef43dcea-c4cb-450e-a9b7-fb0a065d557c-819x1024.jpg 819w, https:\/\/portalmovil.com.ar\/wp-content\/uploads\/2021\/03\/ef43dcea-c4cb-450e-a9b7-fb0a065d557c-240x300.jpg 240w, https:\/\/portalmovil.com.ar\/wp-content\/uploads\/2021\/03\/ef43dcea-c4cb-450e-a9b7-fb0a065d557c-768x960.jpg 768w, https:\/\/portalmovil.com.ar\/wp-content\/uploads\/2021\/03\/ef43dcea-c4cb-450e-a9b7-fb0a065d557c.jpg 960w\" sizes=\"auto, (max-width: 819px) 100vw, 819px\" \/><\/figure><\/div>\n","protected":false},"excerpt":{"rendered":"<p>Con una duraci\u00f3n de 12 d\u00edas de corrido en modalidad de internado. Los cursantes son efectivos con prestaci\u00f3n de servicio en las localidades de Villa \u00c1ngela, Charata, Juan Jos\u00e9 Castelli y S\u00e1enz Pe\u00f1a. La capacitaci\u00f3n consiste en el conocimiento pr\u00e1ctico y te\u00f3rico en operaciones motorizadas, manejo de armas de fuego, defensa personal y nataci\u00f3n. Tambi\u00e9n &hellip;<\/p>\n","protected":false},"author":2,"featured_media":6985,"comment_status":"open","ping_status":"open","sticky":false,"template":"","format":"standard","meta":{"_jetpack_memberships_contains_paid_content":false,"footnotes":"","jetpack_publicize_message":"","jetpack_publicize_feature_enabled":true,"jetpack_social_post_already_shared":true,"jetpack_social_options":{"image_generator_settings":{"template":"highway","default_image_id":0,"font":"","enabled":false},"version":2}},"categories":[42,8],"tags":[],"class_list":["post-23070","post","type-post","status-publish","format-standard","has-post-thumbnail","hentry","category-interior","category-policiales"],"jetpack_publicize_connections":[],"jetpack_featured_media_url":"https:\/\/portalmovil.com.ar\/wp-content\/uploads\/2020\/05\/12ffd1bc-3a12-4e8c-9861-6e019a4ff407.jpg","jetpack_sharing_enabled":true,"amp_enabled":true,"_links":{"self":[{"href":"https:\/\/portalmovil.com.ar\/index.php\/wp-json\/wp\/v2\/posts\/23070","targetHints":{"allow":["GET"]}}],"collection":[{"href":"https:\/\/portalmovil.com.ar\/index.php\/wp-json\/wp\/v2\/posts"}],"about":[{"href":"https:\/\/portalmovil.com.ar\/index.php\/wp-json\/wp\/v2\/types\/post"}],"author":[{"embeddable":true,"href":"https:\/\/portalmovil.com.ar\/index.php\/wp-json\/wp\/v2\/users\/2"}],"replies":[{"embeddable":true,"href":"https:\/\/portalmovil.com.ar\/index.php\/wp-json\/wp\/v2\/comments?post=23070"}],"version-history":[{"count":2,"href":"https:\/\/portalmovil.com.ar\/index.php\/wp-json\/wp\/v2\/posts\/23070\/revisions"}],"predecessor-version":[{"id":23117,"href":"https:\/\/portalmovil.com.ar\/index.php\/wp-json\/wp\/v2\/posts\/23070\/revisions\/23117"}],"wp:featuredmedia":[{"embeddable":true,"href":"https:\/\/portalmovil.com.ar\/index.php\/wp-json\/wp\/v2\/media\/6985"}],"wp:attachment":[{"href":"https:\/\/portalmovil.com.ar\/index.php\/wp-json\/wp\/v2\/media?parent=23070"}],"wp:term":[{"taxonomy":"category","embeddable":true,"href":"https:\/\/portalmovil.com.ar\/index.php\/wp-json\/wp\/v2\/categories?post=23070"},{"taxonomy":"post_tag","embeddable":true,"href":"https:\/\/portalmovil.com.ar\/index.php\/wp-json\/wp\/v2\/tags?post=23070"}],"curies":[{"name":"wp","href":"https:\/\/api.w.org\/{rel}","templated":true}]}}