{"id":22778,"date":"2021-03-22T12:11:51","date_gmt":"2021-03-22T15:11:51","guid":{"rendered":"https:\/\/portalmovil.com.ar\/?p=22778"},"modified":"2021-03-22T12:11:54","modified_gmt":"2021-03-22T15:11:54","slug":"la-ex-empleada-de-victoria-donda-hablo-por-primera-vez-no-me-pagaba-aumentos-aguinaldo-ni-vacaciones","status":"publish","type":"post","link":"https:\/\/portalmovil.com.ar\/index.php\/2021\/03\/22\/la-ex-empleada-de-victoria-donda-hablo-por-primera-vez-no-me-pagaba-aumentos-aguinaldo-ni-vacaciones\/","title":{"rendered":"La ex empleada de Victoria Donda habl\u00f3 por primera vez: \u201cNo me pagaba aumentos, aguinaldo ni vacaciones\u201d"},"content":{"rendered":"\n<p>Arminda Banda Oxa, que trabaj\u00f3 durante m\u00e1s de diez a\u00f1os en la casa de la presidenta del INADI, habl\u00f3 por primera vez luego de que se conociera el caso y apunt\u00f3 sin vueltas contra Donda. Dijo que la ten\u00eda como \u00abempleada multiuso\u00bb y hasta que la hac\u00eda \u00ablavar la ropa de sus parejas y pasear al perro\u00bb.<\/p>\n\n\n\n<p>Pero lo m\u00e1s fuerte fue cuando ratific\u00f3 que la mantuvo \u00aben negro\u00bb y que adem\u00e1s no le daba aumentos. \u00abMe tuvo en negro 10 a\u00f1os, no me daba aumentos, aguinaldos y vacaciones tampoco\u00bb, asegur\u00f3 Banda Oxa en una entrevista con el programa La Cornisa.<\/p>\n\n\n\n<p>A principios de enero, el abogado de Banda Oxa, Osvaldo Barsanti, denunci\u00f3 que Donda la ten\u00eda en negro y que le hab\u00eda ofrecido a su representada un contrato en el Instituto Nacional contra la Discriminaci\u00f3n, la Xenofobia y el Racismo (INADI) o anotarla en un plan social, si ella renunciaba al trabajo en su casa.<\/p>\n\n\n\n<p>Seg\u00fan la denuncia, que ya est\u00e1 en manos de la Justicia, Arminda, que tiene tiene 62 a\u00f1os y es de origen boliviano, estuvo diez a\u00f1os en negro de los 14 que trabaj\u00f3 en la casa de Donda. Pero las irregularidades no terminaban ah\u00ed, porque cuando por fin la blanquearon, estaba subregistrada y le pagaban un sueldo por menos horas de las que trabajaba.&nbsp;<\/p>\n\n\n\n<p>Ahora, Banda Oxa ratific\u00f3 la situaci\u00f3n irregular que vivi\u00f3 en la casa de Donda que incluy\u00f3 que durante cinco a\u00f1os le pagaran un sueldo de 5.000 pesos sin aumentos a pesar de la inflaci\u00f3n.<\/p>\n\n\n\n<p>En la entrevista, la ahora ex empleada de Donda cont\u00f3 que no s\u00f3lo trabajaba bajo las \u00f3rdenes de la funcionaria nacional sino que tambi\u00e9n deb\u00eda lavarle la ropa a las parejas de Donda, cuidar a su madre y a su peque\u00f1a hija: \u00abEra una empleada multiuso, era jardinera, cadeta, ni\u00f1era, hasta le paseaba el perro\u00bb. Para Arminda, su empleadora \u00abve\u00eda la hora de entrada pero nunca la de salida\u00bb.<\/p>\n\n\n\n<p>En otro tramo de la entrevista, Banda Oxa le envi\u00f3 un mensaje a Alberto Fern\u00e1ndez que respald\u00f3 r\u00e1pidamente a la titular del INADI y nunca le pidi\u00f3 la renuncia: \u00abPareciera que manda Donda en vez del Presidente\u00bb.<\/p>\n\n\n\n<p>El conflicto se produjo durante la pandemia del a\u00f1o 2020 en el que Donda le explic\u00f3 a su empleada dom\u00e9stica que no le pod\u00eda mantener el sueldo, pese a que la ley indicaba que hab\u00eda que hacerlo. Como presidenta del INADI, Donda nunca dej\u00f3 de cobrar su sueldo. \u00abMe tuvo en negro 10 a\u00f1os, no me daba aumento, aguinaldos y vacaciones tampoco\u00bb, dijo la empleada.<\/p>\n\n\n\n<p>\u00abLe hab\u00eda pedido por favor a Victoria que me haga la jubilaci\u00f3n, pero me sali\u00f3 con que no pod\u00eda. Nunca m\u00e1s me habl\u00f3. A las dos semanas me llam\u00f3 ofreci\u00e9ndome un cargo en INADI, no s\u00e9 qu\u00e9 cargo quer\u00eda darme. Despu\u00e9s me ofreci\u00f3 un plan social pero no le contest\u00e9\u00bb explic\u00f3 la ex empleada dom\u00e9stica de la funcionaria.<\/p>\n\n\n\n<p>Seg\u00fan Arminda no acept\u00f3 porque no le parec\u00eda correcto: \u00abApenas s\u00e9 agarrar la escoba, y un plan social \u00bfpara qu\u00e9? \u00bfPara cortar las calles? Los llevan para piquetear \u00bfPor qu\u00e9?\u00bb, dijo.<\/p>\n\n\n\n<p>Donda est\u00e1 imputada por el fiscal Guillermo Marijuan que entendi\u00f3 que la funcionaria abus\u00f3 de su condici\u00f3n como tal al ofrecerle un cargo en el INADI a su empleada dom\u00e9stica con el requisito de que renunciase a su jubilaci\u00f3n que deb\u00eda gestionarle su empleadora. El juez Sebasti\u00e1n Casanello, hasta ahora, no llam\u00f3 a declarar como imputada a la funcionaria.<\/p>\n","protected":false},"excerpt":{"rendered":"<p>Arminda Banda Oxa, que trabaj\u00f3 durante m\u00e1s de diez a\u00f1os en la casa de la presidenta del INADI, habl\u00f3 por primera vez luego de que se conociera el caso y apunt\u00f3 sin vueltas contra Donda. Dijo que la ten\u00eda como \u00abempleada multiuso\u00bb y hasta que la hac\u00eda \u00ablavar la ropa de sus parejas y pasear &hellip;<\/p>\n","protected":false},"author":2,"featured_media":22779,"comment_status":"open","ping_status":"open","sticky":false,"template":"","format":"standard","meta":{"_jetpack_memberships_contains_paid_content":false,"footnotes":"","jetpack_publicize_message":"","jetpack_publicize_feature_enabled":true,"jetpack_social_post_already_shared":true,"jetpack_social_options":{"image_generator_settings":{"template":"highway","default_image_id":0,"font":"","enabled":false},"version":2}},"categories":[14],"tags":[],"class_list":["post-22778","post","type-post","status-publish","format-standard","has-post-thumbnail","hentry","category-politica"],"jetpack_publicize_connections":[],"jetpack_featured_media_url":"https:\/\/portalmovil.com.ar\/wp-content\/uploads\/2021\/03\/Screenshot_2-6.jpg","jetpack_sharing_enabled":true,"amp_enabled":true,"_links":{"self":[{"href":"https:\/\/portalmovil.com.ar\/index.php\/wp-json\/wp\/v2\/posts\/22778","targetHints":{"allow":["GET"]}}],"collection":[{"href":"https:\/\/portalmovil.com.ar\/index.php\/wp-json\/wp\/v2\/posts"}],"about":[{"href":"https:\/\/portalmovil.com.ar\/index.php\/wp-json\/wp\/v2\/types\/post"}],"author":[{"embeddable":true,"href":"https:\/\/portalmovil.com.ar\/index.php\/wp-json\/wp\/v2\/users\/2"}],"replies":[{"embeddable":true,"href":"https:\/\/portalmovil.com.ar\/index.php\/wp-json\/wp\/v2\/comments?post=22778"}],"version-history":[{"count":1,"href":"https:\/\/portalmovil.com.ar\/index.php\/wp-json\/wp\/v2\/posts\/22778\/revisions"}],"predecessor-version":[{"id":22780,"href":"https:\/\/portalmovil.com.ar\/index.php\/wp-json\/wp\/v2\/posts\/22778\/revisions\/22780"}],"wp:featuredmedia":[{"embeddable":true,"href":"https:\/\/portalmovil.com.ar\/index.php\/wp-json\/wp\/v2\/media\/22779"}],"wp:attachment":[{"href":"https:\/\/portalmovil.com.ar\/index.php\/wp-json\/wp\/v2\/media?parent=22778"}],"wp:term":[{"taxonomy":"category","embeddable":true,"href":"https:\/\/portalmovil.com.ar\/index.php\/wp-json\/wp\/v2\/categories?post=22778"},{"taxonomy":"post_tag","embeddable":true,"href":"https:\/\/portalmovil.com.ar\/index.php\/wp-json\/wp\/v2\/tags?post=22778"}],"curies":[{"name":"wp","href":"https:\/\/api.w.org\/{rel}","templated":true}]}}