{"id":22763,"date":"2021-03-22T11:15:14","date_gmt":"2021-03-22T14:15:14","guid":{"rendered":"https:\/\/portalmovil.com.ar\/?p=22763"},"modified":"2021-03-22T11:15:16","modified_gmt":"2021-03-22T14:15:16","slug":"thiago-de-2-anos-muere-supuestamente-por-una-caida-pero-tenia-signos-de-abuso-y-golpes","status":"publish","type":"post","link":"https:\/\/portalmovil.com.ar\/index.php\/2021\/03\/22\/thiago-de-2-anos-muere-supuestamente-por-una-caida-pero-tenia-signos-de-abuso-y-golpes\/","title":{"rendered":"Thiago de 2 a\u00f1os muere supuestamente por una ca\u00edda pero ten\u00eda signos de abuso y golpes"},"content":{"rendered":"\n<p>El peque\u00f1o Thiago hab\u00eda sido internado este viernes en el Hospital Sanguinetti de Pilar donde falleci\u00f3 horas despu\u00e9s. La autopsia determin\u00f3 que ten\u00eda signos compatibles con abuso sexual y lesiones tales como golpes y quemaduras en sus brazos y genitales, algunas de ellas de larga data, indic\u00f3 el medio Pilar a Diario.<\/p>\n\n\n\n<p>Thiago viv\u00eda junto a su familia en el barrio San Alejo, perteneciente a dicho partido del norte de la provincia de Buenos Aires.<\/p>\n\n\n\n<p>Un fuerte golpe en la zona abdominal que le produjo una hemorragia habr\u00eda sido la m\u00e1s grave de las heridas. Al momento se trata de establecer desde cuando datan los ataques: en principio se habr\u00edan producido desde hace ya tiempo atr\u00e1s, concluyendo con la muerte reciente de la criatura.<\/p>\n\n\n\n<p>Poco despu\u00e9s del fallecimiento, el fiscal Quintana orden\u00f3 la detenci\u00f3n de Ariel Far\u00edas -pareja de Pamela Palacios, madre de Thiago-, quien fue detenido en la ma\u00f1ana de este domingo.<\/p>\n\n\n\n<p>El padre del ni\u00f1o se encuentra privado de su libertad acusado de prenderle fuego la casa a la mujer meses antes del nacimiento de Thiago. Fuentes judiciales indicaron que se est\u00e1n llevando a cabo todas las diligencias posibles para determinar todas las responsabilidades en el hecho.A su vez, el fiscal de la causa, Andr\u00e9s Quintana de la Unidad Funcional de Instrucci\u00f3n N\u00ba 2 de Pilar, pidi\u00f3 que se investigue tanto a la madre de la v\u00edctima como al resto del entorno familiar para determinar si pudo haber existido co-responsabilidad en los ataques.<\/p>\n\n\n\n<p>Vecinos de Pilar, en particular del Barrio San Alejo, convocaron una marcha para este domingo a las 19 horas pidiendo Justicia por Thiago.<\/p>\n","protected":false},"excerpt":{"rendered":"<p>El peque\u00f1o Thiago hab\u00eda sido internado este viernes en el Hospital Sanguinetti de Pilar donde falleci\u00f3 horas despu\u00e9s. La autopsia determin\u00f3 que ten\u00eda signos compatibles con abuso sexual y lesiones tales como golpes y quemaduras en sus brazos y genitales, algunas de ellas de larga data, indic\u00f3 el medio Pilar a Diario. Thiago viv\u00eda junto &hellip;<\/p>\n","protected":false},"author":2,"featured_media":22764,"comment_status":"open","ping_status":"open","sticky":false,"template":"","format":"standard","meta":{"_jetpack_memberships_contains_paid_content":false,"footnotes":"","jetpack_publicize_message":"","jetpack_publicize_feature_enabled":true,"jetpack_social_post_already_shared":true,"jetpack_social_options":{"image_generator_settings":{"template":"highway","default_image_id":0,"font":"","enabled":false},"version":2}},"categories":[34,8],"tags":[],"class_list":["post-22763","post","type-post","status-publish","format-standard","has-post-thumbnail","hentry","category-nacional","category-policiales"],"jetpack_publicize_connections":[],"jetpack_featured_media_url":"https:\/\/portalmovil.com.ar\/wp-content\/uploads\/2021\/03\/thiago.jpg","jetpack_sharing_enabled":true,"amp_enabled":true,"_links":{"self":[{"href":"https:\/\/portalmovil.com.ar\/index.php\/wp-json\/wp\/v2\/posts\/22763","targetHints":{"allow":["GET"]}}],"collection":[{"href":"https:\/\/portalmovil.com.ar\/index.php\/wp-json\/wp\/v2\/posts"}],"about":[{"href":"https:\/\/portalmovil.com.ar\/index.php\/wp-json\/wp\/v2\/types\/post"}],"author":[{"embeddable":true,"href":"https:\/\/portalmovil.com.ar\/index.php\/wp-json\/wp\/v2\/users\/2"}],"replies":[{"embeddable":true,"href":"https:\/\/portalmovil.com.ar\/index.php\/wp-json\/wp\/v2\/comments?post=22763"}],"version-history":[{"count":1,"href":"https:\/\/portalmovil.com.ar\/index.php\/wp-json\/wp\/v2\/posts\/22763\/revisions"}],"predecessor-version":[{"id":22765,"href":"https:\/\/portalmovil.com.ar\/index.php\/wp-json\/wp\/v2\/posts\/22763\/revisions\/22765"}],"wp:featuredmedia":[{"embeddable":true,"href":"https:\/\/portalmovil.com.ar\/index.php\/wp-json\/wp\/v2\/media\/22764"}],"wp:attachment":[{"href":"https:\/\/portalmovil.com.ar\/index.php\/wp-json\/wp\/v2\/media?parent=22763"}],"wp:term":[{"taxonomy":"category","embeddable":true,"href":"https:\/\/portalmovil.com.ar\/index.php\/wp-json\/wp\/v2\/categories?post=22763"},{"taxonomy":"post_tag","embeddable":true,"href":"https:\/\/portalmovil.com.ar\/index.php\/wp-json\/wp\/v2\/tags?post=22763"}],"curies":[{"name":"wp","href":"https:\/\/api.w.org\/{rel}","templated":true}]}}