{"id":2265,"date":"2020-02-22T09:39:37","date_gmt":"2020-02-22T12:39:37","guid":{"rendered":"http:\/\/portalmovil.com.ar\/?p=2265"},"modified":"2020-02-22T09:39:44","modified_gmt":"2020-02-22T12:39:44","slug":"oficializaron-la-convocatoria-a-la-apertura-de-sesiones-ordinarias-del-congreso","status":"publish","type":"post","link":"https:\/\/portalmovil.com.ar\/index.php\/2020\/02\/22\/oficializaron-la-convocatoria-a-la-apertura-de-sesiones-ordinarias-del-congreso\/","title":{"rendered":"Oficializaron la convocatoria a la apertura de sesiones ordinarias del Congreso"},"content":{"rendered":"\n<p>El presidente Alberto Fern\u00e1ndez dispuso, a trav\u00e9s de de un decreto publicado hoy en el Bolet\u00edn Oficial, que el domingo 1 de marzo se realice la ceremonia de apertura del 138\u00b0 Periodo de Sesiones Ordinarias del Congreso, que se desarrollar\u00e1 a partir de las 11.30 en el recinto de la C\u00e1mara de Diputados.\u00a0<\/p>\n\n\n\n<p>As\u00ed lo dispuso a trav\u00e9s del decreto 177, publicado hoy en el Bolet\u00edn Oficial, que lleva la firma del Presidente y el jefe de Gabinete, Santiago Cafiero.\u00a0<\/p>\n\n\n\n<p>Tal como lo dispone la Constituci\u00f3n Nacional, el Presidente realiza anualmente la apertura del periodo de sesiones ordinarias de las dos c\u00e1maras del Congreso mediante un discurso que pronuncia ante la Asamblea Legislativa, conformada por senadores y diputados de la Naci\u00f3n, que se re\u00fane a tal efecto.\u00a0<\/p>\n\n\n\n<p>La vicepresidenta de la Naci\u00f3n y presidenta del Senado, Cristina Fern\u00e1ndez de Kirchner, y el presidente de la C\u00e1mara de Diputados, Sergio Massa, abrir\u00e1n la sesi\u00f3n de la Asamblea una hora antes con el fin de que senadores y diputados elijan a los miembros de ambas c\u00e1maras que formar\u00e1n parte de las comisiones de recepci\u00f3n de exterior e interior, quienes dar\u00e1n la bienvenida al jefe del Estado cuando arribe al Congreso.\u00a0<\/p>\n\n\n\n<p>Frente a la Asamblea Legislativa, el presidente Fern\u00e1ndez brindar\u00e1 un informe sobre el estado general de la Naci\u00f3n y anunciar\u00e1 las iniciativas de gobierno para 2020.\u00a0<\/p>\n\n\n\n<p>Este ser\u00e1 el primer mensaje de Fern\u00e1ndez de apertura de sesiones ante la Asamblea, luego de haber asumido la Presidencia de la Naci\u00f3n el 10 de diciembre \u00faltimo.<\/p>\n\n\n\n<p>Fuente Informativa:\u00a0T\u00e9lam <\/p>\n","protected":false},"excerpt":{"rendered":"<p>El presidente Alberto Fern\u00e1ndez dispuso, a trav\u00e9s de de un decreto publicado hoy en el Bolet\u00edn Oficial, que el domingo 1 de marzo se realice la ceremonia de apertura del 138\u00b0 Periodo de Sesiones Ordinarias del Congreso, que se desarrollar\u00e1 a partir de las 11.30 en el recinto de la C\u00e1mara de Diputados.\u00a0 As\u00ed lo &hellip;<\/p>\n","protected":false},"author":2,"featured_media":2266,"comment_status":"open","ping_status":"open","sticky":false,"template":"","format":"standard","meta":{"_jetpack_memberships_contains_paid_content":false,"footnotes":"","jetpack_publicize_message":"","jetpack_publicize_feature_enabled":true,"jetpack_social_post_already_shared":true,"jetpack_social_options":{"image_generator_settings":{"template":"highway","default_image_id":0,"font":"","enabled":false},"version":2}},"categories":[14,12],"tags":[],"class_list":["post-2265","post","type-post","status-publish","format-standard","has-post-thumbnail","hentry","category-politica","category-ultimo"],"jetpack_publicize_connections":[],"jetpack_featured_media_url":"https:\/\/portalmovil.com.ar\/wp-content\/uploads\/2020\/02\/l_1581764308.jpg","jetpack_sharing_enabled":true,"amp_enabled":true,"_links":{"self":[{"href":"https:\/\/portalmovil.com.ar\/index.php\/wp-json\/wp\/v2\/posts\/2265","targetHints":{"allow":["GET"]}}],"collection":[{"href":"https:\/\/portalmovil.com.ar\/index.php\/wp-json\/wp\/v2\/posts"}],"about":[{"href":"https:\/\/portalmovil.com.ar\/index.php\/wp-json\/wp\/v2\/types\/post"}],"author":[{"embeddable":true,"href":"https:\/\/portalmovil.com.ar\/index.php\/wp-json\/wp\/v2\/users\/2"}],"replies":[{"embeddable":true,"href":"https:\/\/portalmovil.com.ar\/index.php\/wp-json\/wp\/v2\/comments?post=2265"}],"version-history":[{"count":1,"href":"https:\/\/portalmovil.com.ar\/index.php\/wp-json\/wp\/v2\/posts\/2265\/revisions"}],"predecessor-version":[{"id":2267,"href":"https:\/\/portalmovil.com.ar\/index.php\/wp-json\/wp\/v2\/posts\/2265\/revisions\/2267"}],"wp:featuredmedia":[{"embeddable":true,"href":"https:\/\/portalmovil.com.ar\/index.php\/wp-json\/wp\/v2\/media\/2266"}],"wp:attachment":[{"href":"https:\/\/portalmovil.com.ar\/index.php\/wp-json\/wp\/v2\/media?parent=2265"}],"wp:term":[{"taxonomy":"category","embeddable":true,"href":"https:\/\/portalmovil.com.ar\/index.php\/wp-json\/wp\/v2\/categories?post=2265"},{"taxonomy":"post_tag","embeddable":true,"href":"https:\/\/portalmovil.com.ar\/index.php\/wp-json\/wp\/v2\/tags?post=2265"}],"curies":[{"name":"wp","href":"https:\/\/api.w.org\/{rel}","templated":true}]}}