{"id":22595,"date":"2021-03-19T17:45:28","date_gmt":"2021-03-19T20:45:28","guid":{"rendered":"https:\/\/portalmovil.com.ar\/?p=22595"},"modified":"2021-03-19T17:45:31","modified_gmt":"2021-03-19T20:45:31","slug":"martinez-se-reunio-unicamente-con-empresarios-del-sector-gastronomico-y-hotelero-para-ratificar-su-apoyo","status":"publish","type":"post","link":"https:\/\/portalmovil.com.ar\/index.php\/2021\/03\/19\/martinez-se-reunio-unicamente-con-empresarios-del-sector-gastronomico-y-hotelero-para-ratificar-su-apoyo\/","title":{"rendered":"Mart\u00ednez se reuni\u00f3 \u00fanicamente con empresarios del sector gastron\u00f3mico y hotelero para ratificar su apoyo"},"content":{"rendered":"\n<p>El intendente\u00a0Gustavo Mart\u00ednez\u00a0encabez\u00f3 una mesa de trabajo conjunto con empresarios gastron\u00f3micos de la ciudad de Resistencia y con integrantes de la Asociaci\u00f3n de Hoteles, Restaurantes, Bares, Confiter\u00edas y afines del Chaco (FEHGRA), a los fines de escuchar sus principales inquietudes respecto a la situaci\u00f3n actual de esa rama del sector privado en el marco de los efectos que gener\u00f3 y genera la pandemia por coronavirus.<\/p>\n\n\n\n<p>Entre los principales temas abordados junto a la concejal\u00a0Katia Blanc, dem\u00e1s funcionarios municipales y referentes de la gastronom\u00eda y hoteler\u00eda, se analizaron mecanismos para trabajar en la actualizaci\u00f3n de determinadas ordenanzas para favorecer esta actividad y para buscar alternativas a las restricciones horarias establecidas por la Provincia hasta el d\u00eda de la fecha.<\/p>\n\n\n\n<p>Tras la reuni\u00f3n mantenida en el SUM de la mencionada asociaci\u00f3n en el Centro de Convenciones del Domo del Centenario, el intendente Gustavo Mart\u00ednez destac\u00f3 el di\u00e1logo con los referentes gastron\u00f3micos y hoteleros y lo enmarc\u00f3 con el trabajo que se realiza desde el Consejo Permanente de Industria y Comercio (CEPIC) para configurar \u00abdistintas normativas que nos puedan llevar a un nuevo c\u00f3digo de habilitaci\u00f3n y fiscalizaci\u00f3n \u00fanico para la ciudad. <\/p>\n\n\n\n<p>Hoy tenemos cientos de ordenanzas que generan una gran distorsi\u00f3n y tambi\u00e9n estamos trabajando en este momento de crisis para apoyar al sector comercial, hotelero y gastron\u00f3mico de la ciudad, porque indudablemente la hoteler\u00eda y la gastronom\u00eda son grandes generadores de fuentes de trabajo. Mucha gente trabaja en bares y hoteles. Y es nuestra decisi\u00f3n pol\u00edtica estar al lado de los trabajadores, las trabajadoras y de los due\u00f1os y due\u00f1as de estos emprendimientos para puedan sortear esta crisis\u00bb.\u00a0<\/p>\n\n\n\n<p>En ese contexto, reflexion\u00f3 que las restricciones horarias en las que los comercios gastron\u00f3micos desarrollan sus actividades generan dificultades al funcionamiento, por lo que indic\u00f3 que se analizar\u00e1 en profundidad esa tem\u00e1tica. \u00abEs muy importante que volvamos a estar cercanos a la problem\u00e1tica. Por eso nos reunimos con ellos. Vamos a ayudarlos y a flexibilizar la actividad para que permita que todo aquel que tiene su actividad en blanco tenga el acompa\u00f1amiento de la Municipalidad para poder sostener su trabajo en este momento tan dif\u00edcil\u00bb, enfatiz\u00f3.<\/p>\n","protected":false},"excerpt":{"rendered":"<p>El intendente\u00a0Gustavo Mart\u00ednez\u00a0encabez\u00f3 una mesa de trabajo conjunto con empresarios gastron\u00f3micos de la ciudad de Resistencia y con integrantes de la Asociaci\u00f3n de Hoteles, Restaurantes, Bares, Confiter\u00edas y afines del Chaco (FEHGRA), a los fines de escuchar sus principales inquietudes respecto a la situaci\u00f3n actual de esa rama del sector privado en el marco de &hellip;<\/p>\n","protected":false},"author":2,"featured_media":22597,"comment_status":"open","ping_status":"open","sticky":false,"template":"","format":"standard","meta":{"_jetpack_memberships_contains_paid_content":false,"footnotes":"","jetpack_publicize_message":"","jetpack_publicize_feature_enabled":true,"jetpack_social_post_already_shared":true,"jetpack_social_options":{"image_generator_settings":{"template":"highway","default_image_id":0,"font":"","enabled":false},"version":2}},"categories":[14,37],"tags":[],"class_list":["post-22595","post","type-post","status-publish","format-standard","has-post-thumbnail","hentry","category-politica","category-resistencia"],"jetpack_publicize_connections":[],"jetpack_featured_media_url":"https:\/\/portalmovil.com.ar\/wp-content\/uploads\/2021\/03\/162929236_4043519615745725_4715860211223571124_o.jpg","jetpack_sharing_enabled":true,"amp_enabled":true,"_links":{"self":[{"href":"https:\/\/portalmovil.com.ar\/index.php\/wp-json\/wp\/v2\/posts\/22595","targetHints":{"allow":["GET"]}}],"collection":[{"href":"https:\/\/portalmovil.com.ar\/index.php\/wp-json\/wp\/v2\/posts"}],"about":[{"href":"https:\/\/portalmovil.com.ar\/index.php\/wp-json\/wp\/v2\/types\/post"}],"author":[{"embeddable":true,"href":"https:\/\/portalmovil.com.ar\/index.php\/wp-json\/wp\/v2\/users\/2"}],"replies":[{"embeddable":true,"href":"https:\/\/portalmovil.com.ar\/index.php\/wp-json\/wp\/v2\/comments?post=22595"}],"version-history":[{"count":1,"href":"https:\/\/portalmovil.com.ar\/index.php\/wp-json\/wp\/v2\/posts\/22595\/revisions"}],"predecessor-version":[{"id":22598,"href":"https:\/\/portalmovil.com.ar\/index.php\/wp-json\/wp\/v2\/posts\/22595\/revisions\/22598"}],"wp:featuredmedia":[{"embeddable":true,"href":"https:\/\/portalmovil.com.ar\/index.php\/wp-json\/wp\/v2\/media\/22597"}],"wp:attachment":[{"href":"https:\/\/portalmovil.com.ar\/index.php\/wp-json\/wp\/v2\/media?parent=22595"}],"wp:term":[{"taxonomy":"category","embeddable":true,"href":"https:\/\/portalmovil.com.ar\/index.php\/wp-json\/wp\/v2\/categories?post=22595"},{"taxonomy":"post_tag","embeddable":true,"href":"https:\/\/portalmovil.com.ar\/index.php\/wp-json\/wp\/v2\/tags?post=22595"}],"curies":[{"name":"wp","href":"https:\/\/api.w.org\/{rel}","templated":true}]}}