{"id":22251,"date":"2021-03-12T18:38:02","date_gmt":"2021-03-12T21:38:02","guid":{"rendered":"https:\/\/portalmovil.com.ar\/?p=22251"},"modified":"2021-03-12T18:38:10","modified_gmt":"2021-03-12T21:38:10","slug":"bolivia-ordenaron-la-detencion-de-jeanine-anez-por-el-golpe-de-estado-contra-evo-morales","status":"publish","type":"post","link":"https:\/\/portalmovil.com.ar\/index.php\/2021\/03\/12\/bolivia-ordenaron-la-detencion-de-jeanine-anez-por-el-golpe-de-estado-contra-evo-morales\/","title":{"rendered":"Bolivia: ordenaron la detenci\u00f3n de Jeanine \u00c1\u00f1ez por el golpe de Estado contra Evo Morales"},"content":{"rendered":"\n<p>Un fiscal de La Paz, Bolivia, orden\u00f3 este viernes la detenci\u00f3n de la ex presidenta de facto, Jeanine \u00c1\u00f1ez, (2019-2020) y varios de sus ex colaboradores, en un proceso abierto por el golpe de Estado contra Evo Morales de 2019. La acci\u00f3n contra \u00c1\u00f1ez fue revelada en medio de la tensi\u00f3n provocada por previas \u00f3rdenes de detenci\u00f3n contra ex jefes militares y policiales que habr\u00edan participado en el derrocamiento de Morales (2006-2019) en noviembre de 2019, en un proceso activado por una denuncia de una ex diputada del partido gobernante Movimiento Al Socialismo (MAS).<\/p>\n\n\n\n<p>\u00c1\u00f1ez, quien no logr\u00f3 su objetivo de ser electa gobernadora del departamento amaz\u00f3nico de Beni en los comicios del 7 de marzo, estaba en la capital de esa regi\u00f3n, Trinidad, cuando fue divulgada la orden de detenci\u00f3n, seg\u00fan medios locales.<\/p>\n\n\n\n<p>Esa orden, seg\u00fan un fragmento divulgado por Coimbra, afectaba en total a 10 personas: \u00c1\u00f1ez, cinco ex ministros y seis jefes militares, aunque no figuraban los ex comandantes de las Fuerzas Armadas, Williams Kaliman y Serio Orellana, y de la Polic\u00eda, Yuri Calder\u00f3n, citados en mandamientos previos de detenci\u00f3n.<\/p>\n\n\n\n<p>Los cinco ex ministros incluidos en la lista eran, adem\u00e1s de Coimbra y Guzm\u00e1n, los de Gobierno, Arturo Murillo, y de Defensa, Luis Fernando L\u00f3pez, ambos refugiados en Estados Unidos, y de la Presidencia, Yerko N\u00fa\u00f1ez.<\/p>\n\n\n\n<p>La ola de \u00f3rdenes de aprehensi\u00f3n contra figuras del gobierno de facto de \u00c1\u00f1ez se inici\u00f3 la semana pasada a partir de una demanda de la ex diputada oficialista Lidia Patty.<\/p>\n\n\n\n<p>Tras la denuncia de Coimbra, la red privada Unitel report\u00f3 que Guzm\u00e1n fue aprehendido en Trinidad y trasladado por agentes vestidos de civil al aeropuerto de esa ciudad, desde donde se esperaba que sea trasladado a La Paz.<\/p>\n\n\n\n<p>Este mediod\u00eda, efectivos policiales detuvieron a Guzm\u00e1n por su presunta vinculaci\u00f3n con el caso de \u201cterrorismo y sedici\u00f3n\u201d cuando se produjeron las revueltas contra el golpe de Estado que dejaron 36 muertos y m\u00e1s de 800 heridos.<\/p>\n\n\n\n<p>Kaliman, ex comandante en jefe de las Fuerzas Armadas, se convirti\u00f3 en el cuarto ex jefe policial o militar sobre el que pesa \u00f3rdenes de detenci\u00f3n por su aparente participaci\u00f3n en el golpe y es acusado por la presunta comisi\u00f3n de los delitos de terrorismo, sedici\u00f3n y conspiraci\u00f3n en grado de complicidad, seg\u00fan un informe de la red televisiva ATB.<\/p>\n\n\n\n<p>En noviembre de 2019, en conferencia de prensa, Kaliman sugiri\u00f3 la renuncia del entonces presidente Morales en el marco de lo que parec\u00edan preparativos para un golpe de Estado.<\/p>\n","protected":false},"excerpt":{"rendered":"<p>Un fiscal de La Paz, Bolivia, orden\u00f3 este viernes la detenci\u00f3n de la ex presidenta de facto, Jeanine \u00c1\u00f1ez, (2019-2020) y varios de sus ex colaboradores, en un proceso abierto por el golpe de Estado contra Evo Morales de 2019. La acci\u00f3n contra \u00c1\u00f1ez fue revelada en medio de la tensi\u00f3n provocada por previas \u00f3rdenes &hellip;<\/p>\n","protected":false},"author":2,"featured_media":22252,"comment_status":"open","ping_status":"open","sticky":false,"template":"","format":"standard","meta":{"_jetpack_memberships_contains_paid_content":false,"footnotes":"","jetpack_publicize_message":"","jetpack_publicize_feature_enabled":true,"jetpack_social_post_already_shared":true,"jetpack_social_options":{"image_generator_settings":{"template":"highway","default_image_id":0,"font":"","enabled":false},"version":2}},"categories":[17],"tags":[],"class_list":["post-22251","post","type-post","status-publish","format-standard","has-post-thumbnail","hentry","category-mundo"],"jetpack_publicize_connections":[],"jetpack_featured_media_url":"https:\/\/portalmovil.com.ar\/wp-content\/uploads\/2021\/03\/GAZGCODFGNSDQZLBGNQTGMBVGM.jpg","jetpack_sharing_enabled":true,"amp_enabled":true,"_links":{"self":[{"href":"https:\/\/portalmovil.com.ar\/index.php\/wp-json\/wp\/v2\/posts\/22251","targetHints":{"allow":["GET"]}}],"collection":[{"href":"https:\/\/portalmovil.com.ar\/index.php\/wp-json\/wp\/v2\/posts"}],"about":[{"href":"https:\/\/portalmovil.com.ar\/index.php\/wp-json\/wp\/v2\/types\/post"}],"author":[{"embeddable":true,"href":"https:\/\/portalmovil.com.ar\/index.php\/wp-json\/wp\/v2\/users\/2"}],"replies":[{"embeddable":true,"href":"https:\/\/portalmovil.com.ar\/index.php\/wp-json\/wp\/v2\/comments?post=22251"}],"version-history":[{"count":1,"href":"https:\/\/portalmovil.com.ar\/index.php\/wp-json\/wp\/v2\/posts\/22251\/revisions"}],"predecessor-version":[{"id":22253,"href":"https:\/\/portalmovil.com.ar\/index.php\/wp-json\/wp\/v2\/posts\/22251\/revisions\/22253"}],"wp:featuredmedia":[{"embeddable":true,"href":"https:\/\/portalmovil.com.ar\/index.php\/wp-json\/wp\/v2\/media\/22252"}],"wp:attachment":[{"href":"https:\/\/portalmovil.com.ar\/index.php\/wp-json\/wp\/v2\/media?parent=22251"}],"wp:term":[{"taxonomy":"category","embeddable":true,"href":"https:\/\/portalmovil.com.ar\/index.php\/wp-json\/wp\/v2\/categories?post=22251"},{"taxonomy":"post_tag","embeddable":true,"href":"https:\/\/portalmovil.com.ar\/index.php\/wp-json\/wp\/v2\/tags?post=22251"}],"curies":[{"name":"wp","href":"https:\/\/api.w.org\/{rel}","templated":true}]}}