{"id":2224,"date":"2020-02-21T15:40:21","date_gmt":"2020-02-21T18:40:21","guid":{"rendered":"http:\/\/portalmovil.com.ar\/?p=2224"},"modified":"2020-02-21T15:40:28","modified_gmt":"2020-02-21T18:40:28","slug":"murio-el-ex-titular-del-indec-jorge-todesca","status":"publish","type":"post","link":"https:\/\/portalmovil.com.ar\/index.php\/2020\/02\/21\/murio-el-ex-titular-del-indec-jorge-todesca\/","title":{"rendered":"Muri\u00f3 el ex titular del Indec, Jorge Todesca"},"content":{"rendered":"\n<p>El economista Jorge Alberto Todesca, que estuvo al frente del Instituto Nacional de Estad\u00edsticas y Censos (INDEC) durante la presidencia de Mauricio Macri, muri\u00f3 este viernes a los 73 a\u00f1os.<\/p>\n\n\n\n<p>Todesca fue designado por Macri al frente del Indec en diciembre de 2015 y desempe\u00f1\u00f3 su funci\u00f3n hasta el 10 de diciembre de 2019, cuando cambi\u00f3 el Presidente. Padec\u00eda una enfermedad desde su gesti\u00f3n en el organismo.<\/p>\n\n\n\n<p>Su hija Cecilia Todesca es la actual vicejefa de Gabinete.<\/p>\n","protected":false},"excerpt":{"rendered":"<p>El economista Jorge Alberto Todesca, que estuvo al frente del Instituto Nacional de Estad\u00edsticas y Censos (INDEC) durante la presidencia de Mauricio Macri, muri\u00f3 este viernes a los 73 a\u00f1os. Todesca fue designado por Macri al frente del Indec en diciembre de 2015 y desempe\u00f1\u00f3 su funci\u00f3n hasta el 10 de diciembre de 2019, cuando &hellip;<\/p>\n","protected":false},"author":2,"featured_media":2225,"comment_status":"open","ping_status":"open","sticky":false,"template":"","format":"standard","meta":{"_jetpack_memberships_contains_paid_content":false,"footnotes":"","jetpack_publicize_message":"","jetpack_publicize_feature_enabled":true,"jetpack_social_post_already_shared":true,"jetpack_social_options":{"image_generator_settings":{"template":"highway","default_image_id":0,"font":"","enabled":false},"version":2}},"categories":[12],"tags":[],"class_list":["post-2224","post","type-post","status-publish","format-standard","has-post-thumbnail","hentry","category-ultimo"],"jetpack_publicize_connections":[],"jetpack_featured_media_url":"https:\/\/portalmovil.com.ar\/wp-content\/uploads\/2020\/02\/20200221181429_41527455_0_body-768x512-1.jpg","jetpack_sharing_enabled":true,"amp_enabled":true,"_links":{"self":[{"href":"https:\/\/portalmovil.com.ar\/index.php\/wp-json\/wp\/v2\/posts\/2224","targetHints":{"allow":["GET"]}}],"collection":[{"href":"https:\/\/portalmovil.com.ar\/index.php\/wp-json\/wp\/v2\/posts"}],"about":[{"href":"https:\/\/portalmovil.com.ar\/index.php\/wp-json\/wp\/v2\/types\/post"}],"author":[{"embeddable":true,"href":"https:\/\/portalmovil.com.ar\/index.php\/wp-json\/wp\/v2\/users\/2"}],"replies":[{"embeddable":true,"href":"https:\/\/portalmovil.com.ar\/index.php\/wp-json\/wp\/v2\/comments?post=2224"}],"version-history":[{"count":1,"href":"https:\/\/portalmovil.com.ar\/index.php\/wp-json\/wp\/v2\/posts\/2224\/revisions"}],"predecessor-version":[{"id":2226,"href":"https:\/\/portalmovil.com.ar\/index.php\/wp-json\/wp\/v2\/posts\/2224\/revisions\/2226"}],"wp:featuredmedia":[{"embeddable":true,"href":"https:\/\/portalmovil.com.ar\/index.php\/wp-json\/wp\/v2\/media\/2225"}],"wp:attachment":[{"href":"https:\/\/portalmovil.com.ar\/index.php\/wp-json\/wp\/v2\/media?parent=2224"}],"wp:term":[{"taxonomy":"category","embeddable":true,"href":"https:\/\/portalmovil.com.ar\/index.php\/wp-json\/wp\/v2\/categories?post=2224"},{"taxonomy":"post_tag","embeddable":true,"href":"https:\/\/portalmovil.com.ar\/index.php\/wp-json\/wp\/v2\/tags?post=2224"}],"curies":[{"name":"wp","href":"https:\/\/api.w.org\/{rel}","templated":true}]}}