{"id":22222,"date":"2021-03-12T14:13:54","date_gmt":"2021-03-12T17:13:54","guid":{"rendered":"https:\/\/portalmovil.com.ar\/?p=22222"},"modified":"2021-03-12T14:13:57","modified_gmt":"2021-03-12T17:13:57","slug":"con-el-embajador-argentino-en-china-capitanich-planteo-el-segundo-puente-interprovincial","status":"publish","type":"post","link":"https:\/\/portalmovil.com.ar\/index.php\/2021\/03\/12\/con-el-embajador-argentino-en-china-capitanich-planteo-el-segundo-puente-interprovincial\/","title":{"rendered":"Con el embajador argentino en China, Capitanich plante\u00f3 el segundo puente interprovincial"},"content":{"rendered":"\n<p>El gobernador Jorge Capitanich mantuvo en la ma\u00f1ana de este viernes un encuentro, v\u00eda videoconferencia, con\u00a0el\u00a0embajador argentino en la Rep\u00fablica Popular China, Sabino Vaca Narvaja,\u00a0a fin de avanzar\u00a0en cuatro temas prioritarios de una agenda bilateral de cooperaci\u00f3n en cuestiones de ciencia, tecnolog\u00eda, ambiente, producci\u00f3n, empleo y exportaci\u00f3n.<\/p>\n\n\n\n<p>A\u00a0trav\u00e9s de sus redes sociales, el primer mandatario provincial detall\u00f3 que uno de los tema abordados es el de\u00a0avanzar en el convenio con la provincia de Henan, sobre el cual se resuelven\u00a0cuestiones de cooperaci\u00f3n pr\u00e1ctica antes de formalizar el acuerdo. \u201cHenan representa un abanico de posibilidades de cooperaci\u00f3n t\u00e9cnica, cultural, financiera, econ\u00f3mica y productiva\u201d,\u00a0explic\u00f3 el gobernador.<\/p>\n\n\n\n<p>El segundo punto sobre el cual se avanz\u00f3 es la posibilidad de&nbsp;profundizar el convenio firmado por el Centro de Biotecnolog\u00eda Agr\u00edcola y Forestal del Chaco para la comercializaci\u00f3n de plantas ornamentales, principalmente a Beijing y Shangai.&nbsp;Capitanich asever\u00f3 que \u201cesto generar\u00eda un importante ingreso de divisas al pa\u00eds y a la provincia\u201d.<\/p>\n\n\n\n<p>\u201cPretendemos establecer un mecanismo de financiamiento v\u00eda bono verde para mejorar la calidad de vida y la protecci\u00f3n del bosque nativo en El Impenetrable chaque\u00f1o\u201d,\u00a0destac\u00f3.<\/p>\n\n\n\n<p>El tercer tema tratado gir\u00f3 en torno a la\u00a0cadena c\u00e1rnica. \u201cEstamos en la identificaci\u00f3n de inversores para fortalecer la comercializaci\u00f3n\u201d,\u00a0dijo el gobernador y agreg\u00f3 que\u00a0tambi\u00e9n\u00a0se apunta a\u00a0la transformaci\u00f3n de cereales en carne con un valor agregado en origen que integre una cadena de valor productiva.<\/p>\n\n\n\n<p>Por \u00faltimo,\u00a0se\u00a0revisaron\u00a0las cuestiones para la construcci\u00f3n del segundo puente Chaco &#8211; Corrientes. \u201cCumplimos\u00a0todos los requisitos solicitados, pretendemos avanzar en el convenio pa\u00eds &#8211; pa\u00eds para la inclusi\u00f3n del financiamiento y la ejecuci\u00f3n de la obra lo antes posible\u201d,\u00a0asever\u00f3.<\/p>\n\n\n\n<p>Capitanich\u00a0agradeci\u00f3\u00a0al embajador y su equipo \u201cpor la eficacia y sensibilidad para atender las demandas de nuestra provincia y del Norte Grande y seguir fortaleciendo los lazos de cooperaci\u00f3n con la Rep\u00fablica Popular China\u201d.<\/p>\n","protected":false},"excerpt":{"rendered":"<p>El gobernador Jorge Capitanich mantuvo en la ma\u00f1ana de este viernes un encuentro, v\u00eda videoconferencia, con\u00a0el\u00a0embajador argentino en la Rep\u00fablica Popular China, Sabino Vaca Narvaja,\u00a0a fin de avanzar\u00a0en cuatro temas prioritarios de una agenda bilateral de cooperaci\u00f3n en cuestiones de ciencia, tecnolog\u00eda, ambiente, producci\u00f3n, empleo y exportaci\u00f3n. A\u00a0trav\u00e9s de sus redes sociales, el primer mandatario &hellip;<\/p>\n","protected":false},"author":2,"featured_media":22223,"comment_status":"open","ping_status":"open","sticky":false,"template":"","format":"standard","meta":{"_jetpack_memberships_contains_paid_content":false,"footnotes":"","jetpack_publicize_message":"","jetpack_publicize_feature_enabled":true,"jetpack_social_post_already_shared":true,"jetpack_social_options":{"image_generator_settings":{"template":"highway","default_image_id":0,"font":"","enabled":false},"version":2}},"categories":[5,14,12],"tags":[],"class_list":["post-22222","post","type-post","status-publish","format-standard","has-post-thumbnail","hentry","category-chaco","category-politica","category-ultimo"],"jetpack_publicize_connections":[],"jetpack_featured_media_url":"https:\/\/portalmovil.com.ar\/wp-content\/uploads\/2021\/03\/160086459_4327011843980307_493679491862284256_o.jpg","jetpack_sharing_enabled":true,"amp_enabled":true,"_links":{"self":[{"href":"https:\/\/portalmovil.com.ar\/index.php\/wp-json\/wp\/v2\/posts\/22222","targetHints":{"allow":["GET"]}}],"collection":[{"href":"https:\/\/portalmovil.com.ar\/index.php\/wp-json\/wp\/v2\/posts"}],"about":[{"href":"https:\/\/portalmovil.com.ar\/index.php\/wp-json\/wp\/v2\/types\/post"}],"author":[{"embeddable":true,"href":"https:\/\/portalmovil.com.ar\/index.php\/wp-json\/wp\/v2\/users\/2"}],"replies":[{"embeddable":true,"href":"https:\/\/portalmovil.com.ar\/index.php\/wp-json\/wp\/v2\/comments?post=22222"}],"version-history":[{"count":1,"href":"https:\/\/portalmovil.com.ar\/index.php\/wp-json\/wp\/v2\/posts\/22222\/revisions"}],"predecessor-version":[{"id":22224,"href":"https:\/\/portalmovil.com.ar\/index.php\/wp-json\/wp\/v2\/posts\/22222\/revisions\/22224"}],"wp:featuredmedia":[{"embeddable":true,"href":"https:\/\/portalmovil.com.ar\/index.php\/wp-json\/wp\/v2\/media\/22223"}],"wp:attachment":[{"href":"https:\/\/portalmovil.com.ar\/index.php\/wp-json\/wp\/v2\/media?parent=22222"}],"wp:term":[{"taxonomy":"category","embeddable":true,"href":"https:\/\/portalmovil.com.ar\/index.php\/wp-json\/wp\/v2\/categories?post=22222"},{"taxonomy":"post_tag","embeddable":true,"href":"https:\/\/portalmovil.com.ar\/index.php\/wp-json\/wp\/v2\/tags?post=22222"}],"curies":[{"name":"wp","href":"https:\/\/api.w.org\/{rel}","templated":true}]}}