{"id":22080,"date":"2021-03-09T18:21:29","date_gmt":"2021-03-09T21:21:29","guid":{"rendered":"https:\/\/portalmovil.com.ar\/?p=22080"},"modified":"2021-03-09T18:21:32","modified_gmt":"2021-03-09T21:21:32","slug":"torrente-el-deseo-del-gobierno-es-retornar-a-las-clases-presenciales-con-todos-los-docentes","status":"publish","type":"post","link":"https:\/\/portalmovil.com.ar\/index.php\/2021\/03\/09\/torrente-el-deseo-del-gobierno-es-retornar-a-las-clases-presenciales-con-todos-los-docentes\/","title":{"rendered":"Torrente: \u201cEl deseo del Gobierno es retornar a las clases presenciales con todos los docentes\u201d"},"content":{"rendered":"\n<p>En el marco de la negociaci\u00f3n salarial entre el Gobierno provincial y los sindicatos docentes para asegurar el normal desarrollo del ciclo escolar en curso, la ministra de Educaci\u00f3n Daniela Torrente, tras la segunda reuni\u00f3n de conciliaci\u00f3n obligatoria asegur\u00f3 que se trabaja para \u201cvolver a las aulas, con clases presenciales y junto a todos los docentes\u201d.<\/p>\n\n\n\n<p>En la ma\u00f1ana de este martes 9, en la continuidad de la Comisi\u00f3n de Pol\u00edtica Salarial, el Gobierno ofreci\u00f3 una propuesta superadora, con cl\u00e1usula gatillo y reconocimiento de la deuda 2020. Se estableci\u00f3 como piso de pauta salarial un incremento de 34,6% sobre el valor punto para 2021.<\/p>\n\n\n\n<p>El ofrecimiento refleja el deseo y compromiso del Gobierno de retornar a las clases presenciales con todas las y los docentes, ya sea desde las aulas o desde sus hogares, de acuerdo a la condici\u00f3n que tengan. \u201cMis expectativas son favorables. Queremos volver a las clases cuanto antes\u201d, se\u00f1al\u00f3 Torrente.<\/p>\n\n\n\n<p>El Gobierno, a trav\u00e9s del di\u00e1logo, hizo una propuesta de recomposici\u00f3n salarial con una pauta de 34,6% en el a\u00f1o, aplic\u00e1ndose un incremento del 15% al Valor del Punto con el sueldo de marzo, $2.500 remunerativos y cl\u00e1usula gatillo. \u201cEl ofrecimiento que garantiza previsibilidad salarial. Se estudiaron mucho los n\u00fameros, y consideramos que es una propuesta que incorpora todos los aspectos que nos han planteado\u201d, agreg\u00f3 la ministra.<\/p>\n\n\n\n<p>Sobre el cierre, la funcionaria inform\u00f3 que se puso como fecha de respuesta el viernes 12. \u201cQueremos y somos optimistas en cuanto a la respuesta, teniendo en cuenta que es el m\u00e1ximo esfuerzo que puede hacer el Gobierno en t\u00e9rminos fiscales. Para nosotros es muy importante garantizar el derecho a la educaci\u00f3n y retornar a las clases presenciales\u201d.<\/p>\n\n\n\n<p>Inicio del nivel inicial desde el jard\u00edn de la Isla del Cerrito<\/p>\n\n\n\n<p>Por otro lado, la ministra de Educaci\u00f3n Daniela Torrente acompa\u00f1\u00f3 el inicio del Ciclo Escolar del Nivel Inicial desde el Jard\u00edn Maternal y de Infantes N\u00b0 108 \u201cEstela Mari Vera Alvides\u201d de la Isla del Cerrito.<\/p>\n\n\n\n<p>En toda la provincia este martes comenzaron las clases presenciales en las salas de 5 a\u00f1os de los jardines de infantes, de manera gradual por el protocolo sanitario por el coronavirus, de acuerdo a la realidad de cada instituci\u00f3n.<\/p>\n\n\n\n<p>En abril se incorporar\u00e1n los ni\u00f1os y las ni\u00f1as de las salas de 4 y 3 a\u00f1os, dependiendo de las condiciones epidemiol\u00f3gicas.<\/p>\n\n\n\n<p>La matr\u00edcula total del Nivel Inicial es de aproximadamente 52.096 estudiantes y 3586 docentes \u2013 de las instituciones de gesti\u00f3n estatal, social y privada-.<\/p>\n\n\n\n<p>La ministra, junto al director de la Regional Educativa 6 Enrique Duilio Mart\u00ednez, comparti\u00f3 el comienzo de las actividades en el Jard\u00edn Maternal de Infantes N\u00b0 108 con sala anexa en el paraje El Atajito, que cuenta con una matr\u00edcula de 110 ni\u00f1os y ni\u00f1as de 5, 4 y 3 a\u00f1os \u2013entre el turno ma\u00f1ana y tarde-. Fueron recibidos por la directora de la instituci\u00f3n, Silvia Noem\u00ed Arce, el plantel de maestras jardineras y los ni\u00f1os y las ni\u00f1as.<\/p>\n","protected":false},"excerpt":{"rendered":"<p>En el marco de la negociaci\u00f3n salarial entre el Gobierno provincial y los sindicatos docentes para asegurar el normal desarrollo del ciclo escolar en curso, la ministra de Educaci\u00f3n Daniela Torrente, tras la segunda reuni\u00f3n de conciliaci\u00f3n obligatoria asegur\u00f3 que se trabaja para \u201cvolver a las aulas, con clases presenciales y junto a todos los &hellip;<\/p>\n","protected":false},"author":2,"featured_media":22081,"comment_status":"open","ping_status":"open","sticky":false,"template":"","format":"standard","meta":{"_jetpack_memberships_contains_paid_content":false,"footnotes":"","jetpack_publicize_message":"","jetpack_publicize_feature_enabled":true,"jetpack_social_post_already_shared":true,"jetpack_social_options":{"image_generator_settings":{"template":"highway","default_image_id":0,"font":"","enabled":false},"version":2}},"categories":[5],"tags":[],"class_list":["post-22080","post","type-post","status-publish","format-standard","has-post-thumbnail","hentry","category-chaco"],"jetpack_publicize_connections":[],"jetpack_featured_media_url":"https:\/\/portalmovil.com.ar\/wp-content\/uploads\/2021\/03\/bd32f511e4d582b57a85dae3318d4071.jpg","jetpack_sharing_enabled":true,"amp_enabled":true,"_links":{"self":[{"href":"https:\/\/portalmovil.com.ar\/index.php\/wp-json\/wp\/v2\/posts\/22080","targetHints":{"allow":["GET"]}}],"collection":[{"href":"https:\/\/portalmovil.com.ar\/index.php\/wp-json\/wp\/v2\/posts"}],"about":[{"href":"https:\/\/portalmovil.com.ar\/index.php\/wp-json\/wp\/v2\/types\/post"}],"author":[{"embeddable":true,"href":"https:\/\/portalmovil.com.ar\/index.php\/wp-json\/wp\/v2\/users\/2"}],"replies":[{"embeddable":true,"href":"https:\/\/portalmovil.com.ar\/index.php\/wp-json\/wp\/v2\/comments?post=22080"}],"version-history":[{"count":1,"href":"https:\/\/portalmovil.com.ar\/index.php\/wp-json\/wp\/v2\/posts\/22080\/revisions"}],"predecessor-version":[{"id":22082,"href":"https:\/\/portalmovil.com.ar\/index.php\/wp-json\/wp\/v2\/posts\/22080\/revisions\/22082"}],"wp:featuredmedia":[{"embeddable":true,"href":"https:\/\/portalmovil.com.ar\/index.php\/wp-json\/wp\/v2\/media\/22081"}],"wp:attachment":[{"href":"https:\/\/portalmovil.com.ar\/index.php\/wp-json\/wp\/v2\/media?parent=22080"}],"wp:term":[{"taxonomy":"category","embeddable":true,"href":"https:\/\/portalmovil.com.ar\/index.php\/wp-json\/wp\/v2\/categories?post=22080"},{"taxonomy":"post_tag","embeddable":true,"href":"https:\/\/portalmovil.com.ar\/index.php\/wp-json\/wp\/v2\/tags?post=22080"}],"curies":[{"name":"wp","href":"https:\/\/api.w.org\/{rel}","templated":true}]}}