{"id":2206,"date":"2020-02-20T20:08:22","date_gmt":"2020-02-20T23:08:22","guid":{"rendered":"http:\/\/portalmovil.com.ar\/?p=2206"},"modified":"2020-02-20T20:08:28","modified_gmt":"2020-02-20T23:08:28","slug":"senador-del-oficialismo-pidio-intervenir-el-poder-judicial-de-jujuy","status":"publish","type":"post","link":"https:\/\/portalmovil.com.ar\/index.php\/2020\/02\/20\/senador-del-oficialismo-pidio-intervenir-el-poder-judicial-de-jujuy\/","title":{"rendered":"Senador del Oficialismo pidi\u00f3 intervenir el Poder Judicial de Jujuy"},"content":{"rendered":"\n<p>El senador nacional del Frente de Todos Guillermo Snopek present\u00f3 un proyecto de ley para declarar la intervenci\u00f3n federal por un a\u00f1o del Poder Judicial de Jujuy, que gobierna el radical de Juntos por el Cambio Gerardo Morales. <\/p>\n\n\n\n<p>En su art\u00edculo primero la iniciativa, a la que accedi\u00f3 T\u00e9lam, declara \u00abla intervenci\u00f3n federal a la provincia de Jujuy de su Poder Judicial a fin de garantizar la forma republicana de gobierno y evitar incurrir en responsabilidad internacional del Estado argentino\u00bb.<\/p>\n\n\n\n<p>El proyecto surge semanas despu\u00e9s de que se conocieran audios en los que el presidente del Superior Tribunal de Justicia de esa provincia, Pablo Baca, dijo que la dirigente social Milagro Sala est\u00e1 presa \u00abno por sus delitos, sino para que no tengamos que volver al quilombo permanente, a los cortes, a la quema de gomas\u00bb.<\/p>\n\n\n\n<p>El texto del senador Snopek dijo que el Ejecutivo Nacional deber\u00e1 \u00abdesignar al interventor Federal del Poder Judicial\u00bb juje\u00f1o y declara en comisi\u00f3n a los miembros de la Corte provincial, del Ministerio P\u00fablico y a los magistrados de los tribunales inferiores.<\/p>\n\n\n\n<p>En el art\u00edculo cuarto se\u00f1ala que el interventor designado \u00abno podr\u00e1 ejercer por s\u00ed la funci\u00f3n judicial pero tendr\u00e1 la facultad de suspender en sus funciones o de remover a los magistrados, funcionarios y empleados que integran el Poder Judicial y el Ministerio P\u00fablico y la de designar a sus nuevos reemplazantes en comisi\u00f3n hasta la normalziaci\u00f3n institucional del Poder Judicial\u00bb.<\/p>\n\n\n\n<p>La iniciativa que Snopek present\u00f3 en la C\u00e1mara alta indica que el interventor deber\u00e1 adoptar las medidas que estime necesarias para que el Poder Judicial juje\u00f1o \u00abgarantice la plena observancia de los derechos y garant\u00edas establecidos por la Constituci\u00f3n Nacional, as\u00ed como los tratados internacionales de derechos humanos\u00bb:<\/p>\n\n\n\n<p>La intervenci\u00f3n, agrega el texto, tendr\u00e1 un plazo de 365 d\u00edas prorrogables por otros 365.<\/p>\n\n\n\n<p>El senador hab\u00eda presentado en noviembre pasado una iniciativa de similares caracter\u00edsticas argumentando que en la provincia exist\u00eda \u00abuna connivencia absoluta\u00bb del Poder Judicial local \u00abcon el gobernador Morales y la Legislatura provincial\u00bb.<\/p>\n\n\n\n<p>En ese momento el senador consider\u00f3 que esa supuesta \u00abconnivencia\u00bbhab\u00eda generado que \u00aba una legisladora de la oposici\u00f3n le allanaran el domicilio sin autorizaci\u00f3n de la Legislatura s\u00f3lo por haber opinado en contra del gobernador\u00bb.<\/p>\n\n\n\n<p>Fuente Informativa: T\u00e9lam<\/p>\n","protected":false},"excerpt":{"rendered":"<p>El senador nacional del Frente de Todos Guillermo Snopek present\u00f3 un proyecto de ley para declarar la intervenci\u00f3n federal por un a\u00f1o del Poder Judicial de Jujuy, que gobierna el radical de Juntos por el Cambio Gerardo Morales. En su art\u00edculo primero la iniciativa, a la que accedi\u00f3 T\u00e9lam, declara \u00abla intervenci\u00f3n federal a la &hellip;<\/p>\n","protected":false},"author":2,"featured_media":2207,"comment_status":"open","ping_status":"open","sticky":false,"template":"","format":"standard","meta":{"_jetpack_memberships_contains_paid_content":false,"footnotes":"","jetpack_publicize_message":"","jetpack_publicize_feature_enabled":true,"jetpack_social_post_already_shared":true,"jetpack_social_options":{"image_generator_settings":{"template":"highway","default_image_id":0,"font":"","enabled":false},"version":2}},"categories":[14],"tags":[],"class_list":["post-2206","post","type-post","status-publish","format-standard","has-post-thumbnail","hentry","category-politica"],"jetpack_publicize_connections":[],"jetpack_featured_media_url":"https:\/\/portalmovil.com.ar\/wp-content\/uploads\/2020\/02\/SENADOR-NACIONAL-GUILLERMO-SNOPEK-1024x674-1.jpg","jetpack_sharing_enabled":true,"amp_enabled":true,"_links":{"self":[{"href":"https:\/\/portalmovil.com.ar\/index.php\/wp-json\/wp\/v2\/posts\/2206","targetHints":{"allow":["GET"]}}],"collection":[{"href":"https:\/\/portalmovil.com.ar\/index.php\/wp-json\/wp\/v2\/posts"}],"about":[{"href":"https:\/\/portalmovil.com.ar\/index.php\/wp-json\/wp\/v2\/types\/post"}],"author":[{"embeddable":true,"href":"https:\/\/portalmovil.com.ar\/index.php\/wp-json\/wp\/v2\/users\/2"}],"replies":[{"embeddable":true,"href":"https:\/\/portalmovil.com.ar\/index.php\/wp-json\/wp\/v2\/comments?post=2206"}],"version-history":[{"count":1,"href":"https:\/\/portalmovil.com.ar\/index.php\/wp-json\/wp\/v2\/posts\/2206\/revisions"}],"predecessor-version":[{"id":2208,"href":"https:\/\/portalmovil.com.ar\/index.php\/wp-json\/wp\/v2\/posts\/2206\/revisions\/2208"}],"wp:featuredmedia":[{"embeddable":true,"href":"https:\/\/portalmovil.com.ar\/index.php\/wp-json\/wp\/v2\/media\/2207"}],"wp:attachment":[{"href":"https:\/\/portalmovil.com.ar\/index.php\/wp-json\/wp\/v2\/media?parent=2206"}],"wp:term":[{"taxonomy":"category","embeddable":true,"href":"https:\/\/portalmovil.com.ar\/index.php\/wp-json\/wp\/v2\/categories?post=2206"},{"taxonomy":"post_tag","embeddable":true,"href":"https:\/\/portalmovil.com.ar\/index.php\/wp-json\/wp\/v2\/tags?post=2206"}],"curies":[{"name":"wp","href":"https:\/\/api.w.org\/{rel}","templated":true}]}}