{"id":2193,"date":"2020-02-20T17:56:37","date_gmt":"2020-02-20T20:56:37","guid":{"rendered":"http:\/\/portalmovil.com.ar\/?p=2193"},"modified":"2020-02-20T17:56:44","modified_gmt":"2020-02-20T20:56:44","slug":"anos-de-gracia-argentina-no-le-pagara-la-deuda-al-fmi-hasta-2024","status":"publish","type":"post","link":"https:\/\/portalmovil.com.ar\/index.php\/2020\/02\/20\/anos-de-gracia-argentina-no-le-pagara-la-deuda-al-fmi-hasta-2024\/","title":{"rendered":"A\u00f1os de Gracia: Argentina no le pagar\u00e1 la deuda al FMI hasta 2024"},"content":{"rendered":"\n<p>El Gobierno cerr\u00f3 los principales puntos en la renegociaci\u00f3n con el&nbsp;Fondo Monetario Internacional (FMI)&nbsp;por el leonino pr\u00e9stamo que sac\u00f3&nbsp;Cambiemos. Argentina no comenzar\u00e1 a pagar el cr\u00e9dito hasta 2024, no realizar\u00e1 reforma previsional ni laboral. A cambio, se comprometi\u00f3 a mantener el&nbsp;equilibrio fiscal, pero con condiciones mucho m\u00e1s beneficiosas para el pa\u00eds que las anteriores.<\/p>\n\n\n\n<p>Luego de una semana de continuas reuniones con la delegaci\u00f3n del Fondo, el ministro de Econom\u00eda,&nbsp;<strong>Mart\u00edn Guzm\u00e1n<\/strong>,&nbsp;<strong>consigui\u00f3 acordar tres a\u00f1os de gracia antes de transferir la primera cuota<\/strong>. El pr\u00e9stamo, que firmaron los funcionarios de&nbsp;Mauricio Macri&nbsp;con&nbsp;Christine Lagarde, establec\u00eda que el primer pago deb\u00eda realizarse en 2021, pero se abonar\u00e1 reci\u00e9n desde 2024.<\/p>\n\n\n\n<p>Con este avance, el equipo econ\u00f3mico consigui\u00f3 descomprimir una porci\u00f3n sustancial de los vencimientos pr\u00f3ximos. La principal raz\u00f3n por la que la misi\u00f3n del organismo multilateral calific\u00f3 de \u201cno sustentable\u201d al pasivo p\u00fablico externo fue, justamente, el altamente concentrado perfil de la deuda, que la gesti\u00f3n anterior no se molest\u00f3 en atender al momento de emitir bonos.<\/p>\n\n\n\n<p>El equipo de Guzm\u00e1n&nbsp;<strong>cambi\u00f3 dr\u00e1sticamente las condiciones del acuerdo pautado con el macrismo<\/strong>, que establec\u00eda que Argentina iba conseguir un super\u00e1vit del 3%. Para esto, el Fondo planeaba un salvaje ajuste del gasto p\u00fablico que hubiera tirado por tierra la posibilidad de crecimiento en la d\u00e9cada siguiente, y que&nbsp;<strong>se hubiera profundizado con retrocesos en el r\u00e9gimen jubilatorio y los marcos laborales b\u00e1sicos<\/strong>.<\/p>\n\n\n\n<p>Luis Cubeddu, a cargo de la delegaci\u00f3n argentina en reemplazo de&nbsp;Roberto Cardarelli, y&nbsp;Julie Kozack, subdirectora del Departamento del Hemisferio Occidental, ampliaron su estad\u00eda cuatro d\u00edas hasta el mi\u00e9rcoles para definir estos cambios en el acuerdo, adem\u00e1s de que no quitar\u00e1n al pa\u00eds del programa de stand-by para llevarlo a uno de facilidades extendidas, el mismo que se us\u00f3 en 1997 y que deriv\u00f3 en la mayor crisis financiera de la historia local.<\/p>\n\n\n\n<p>De esta manera,&nbsp;Guzm\u00e1n&nbsp;consigui\u00f3 mantenerse afuera de la tutela neoliberal que el Fondo aplica en pa\u00edses con elevado nivel de endeudamiento y que luego profundizan a\u00fan m\u00e1s la recesi\u00f3n. Por lo tanto, el Gobierno no se ver\u00e1 presionado a llevar adelante un cambio en el&nbsp;sistema previsional&nbsp;que perjudique a los m\u00e1s vulnerables ni una reforma laboral, como&nbsp;Macri&nbsp;quer\u00eda aplicar.&nbsp;Alberto Fern\u00e1ndez&nbsp;tampoco estar\u00e1 forzado a privatizar compa\u00f1\u00edas estatales.<\/p>\n\n\n\n<p>Por su parte, el Gobierno se comprometi\u00f3 a mantener el equilibrio fiscal por lo que dure el contrato, en l\u00ednea con el programa del mandam\u00e1s del Palacio de Hacienda. El&nbsp;<strong>FMI<\/strong>&nbsp;aprob\u00f3 una excepci\u00f3n: que el d\u00e9ficit fiscal primario alcance el 0,5%, siempre que est\u00e9 basado en un aumento justificado del gasto social.<\/p>\n\n\n\n<p>Del lado del r\u00e9gimen previsional, Guzm\u00e1n prepara una f\u00f3rmula que ser\u00e1 muy similar a la de&nbsp;Cristina Kirchner, que en este per\u00edodo econ\u00f3mico venidero no entregar\u00e1 seguramente mejoras considerables al poder adquisitivo de los jubilados, pero garantiza la sustentabilidad del r\u00e9gimen de reparto. El Gobierno eval\u00faa, a la par, entregar bonos para compensar potenciales p\u00e9rdidas de la capacidad de compra contra la inflaci\u00f3n.<\/p>\n\n\n\n<p>Tal como le transmiti\u00f3 el ministro de Desarrollo Productivo,&nbsp;Mat\u00edas Kulfas, a los t\u00e9cnicos del organismo, las tarifas volver\u00e1n a tocarse luego de los seis meses en que dura el per\u00edodo de emergencia, en el que se analizan los aumentos de Cambiemos, que llegaron al 3.500% para la luz. \u201cNo se trata de un congelamiento permanente ni de sostener este congelamiento parcial por mucho tiempo, sino de hacer una revisi\u00f3n que permita reducir donde sea posible los costos del sistema el\u00e9ctrico y de gas, y poder generar tarifas razonables y accesibles sobre todo donde hay mayores necesidades\u201d, dijo el funcionario en conferencia de prensa.<\/p>\n\n\n\n<p><strong>La pauta de incremento de las tarifas que el Gobierno planifica se encuentra en torno al 20%,&nbsp;<\/strong>similar es la variaci\u00f3n que prev\u00e9n para el d\u00f3lar a lo largo del a\u00f1o.<\/p>\n\n\n\n<p>El mi\u00e9rcoles, la misi\u00f3n del&nbsp;Fondo&nbsp;le dio la venia a Alberto, que durante la campa\u00f1a plante\u00f3 que no era posible pagar el gigantesco pasivo que gener\u00f3 Macri en menos de cuatro a\u00f1os. \u201cEl personal del FMI ahora eval\u00faa que la deuda de Argentina no es sostenible\u201d, lanz\u00f3 la delegaci\u00f3n en un comunicado al final de su visita. \u201cEspec\u00edficamente, nuestra visi\u00f3n es que el super\u00e1vit primario que se necesitar\u00eda para reducir la deuda p\u00fablica y las necesidades de financiamiento bruto a niveles consistentes con un riesgo de refinanciamiento manejable y un crecimiento del producto potencial satisfactorio no es econ\u00f3micamente ni pol\u00edticamente factible\u201d, precis\u00f3.<\/p>\n\n\n\n<p>Las palabras de los t\u00e9cnicos fueron consideradas como \u201cin\u00e9ditas\u201d por fuentes de la&nbsp;Casa Rosada&nbsp;consultadas por este medio. El propio Presidente congratul\u00f3 a los economistas por Twitter: \u201cCelebro que el FMI reconozca la posici\u00f3n argentina respecto de los procesos de endeudamiento. Si todas las partes demuestran voluntad de acordar, podremos volver a crecer, honraremos nuestros compromisos y volveremos a tener una Argentina de pie\u00bb.<br><\/p>\n","protected":false},"excerpt":{"rendered":"<p>El Gobierno cerr\u00f3 los principales puntos en la renegociaci\u00f3n con el&nbsp;Fondo Monetario Internacional (FMI)&nbsp;por el leonino pr\u00e9stamo que sac\u00f3&nbsp;Cambiemos. Argentina no comenzar\u00e1 a pagar el cr\u00e9dito hasta 2024, no realizar\u00e1 reforma previsional ni laboral. A cambio, se comprometi\u00f3 a mantener el&nbsp;equilibrio fiscal, pero con condiciones mucho m\u00e1s beneficiosas para el pa\u00eds que las anteriores. Luego &hellip;<\/p>\n","protected":false},"author":2,"featured_media":2194,"comment_status":"open","ping_status":"open","sticky":false,"template":"","format":"standard","meta":{"_jetpack_memberships_contains_paid_content":false,"footnotes":"","jetpack_publicize_message":"","jetpack_publicize_feature_enabled":true,"jetpack_social_post_already_shared":true,"jetpack_social_options":{"image_generator_settings":{"template":"highway","default_image_id":0,"font":"","enabled":false},"version":2}},"categories":[14,12],"tags":[],"class_list":["post-2193","post","type-post","status-publish","format-standard","has-post-thumbnail","hentry","category-politica","category-ultimo"],"jetpack_publicize_connections":[],"jetpack_featured_media_url":"https:\/\/portalmovil.com.ar\/wp-content\/uploads\/2020\/02\/5132w980.jpg","jetpack_sharing_enabled":true,"amp_enabled":true,"_links":{"self":[{"href":"https:\/\/portalmovil.com.ar\/index.php\/wp-json\/wp\/v2\/posts\/2193","targetHints":{"allow":["GET"]}}],"collection":[{"href":"https:\/\/portalmovil.com.ar\/index.php\/wp-json\/wp\/v2\/posts"}],"about":[{"href":"https:\/\/portalmovil.com.ar\/index.php\/wp-json\/wp\/v2\/types\/post"}],"author":[{"embeddable":true,"href":"https:\/\/portalmovil.com.ar\/index.php\/wp-json\/wp\/v2\/users\/2"}],"replies":[{"embeddable":true,"href":"https:\/\/portalmovil.com.ar\/index.php\/wp-json\/wp\/v2\/comments?post=2193"}],"version-history":[{"count":1,"href":"https:\/\/portalmovil.com.ar\/index.php\/wp-json\/wp\/v2\/posts\/2193\/revisions"}],"predecessor-version":[{"id":2195,"href":"https:\/\/portalmovil.com.ar\/index.php\/wp-json\/wp\/v2\/posts\/2193\/revisions\/2195"}],"wp:featuredmedia":[{"embeddable":true,"href":"https:\/\/portalmovil.com.ar\/index.php\/wp-json\/wp\/v2\/media\/2194"}],"wp:attachment":[{"href":"https:\/\/portalmovil.com.ar\/index.php\/wp-json\/wp\/v2\/media?parent=2193"}],"wp:term":[{"taxonomy":"category","embeddable":true,"href":"https:\/\/portalmovil.com.ar\/index.php\/wp-json\/wp\/v2\/categories?post=2193"},{"taxonomy":"post_tag","embeddable":true,"href":"https:\/\/portalmovil.com.ar\/index.php\/wp-json\/wp\/v2\/tags?post=2193"}],"curies":[{"name":"wp","href":"https:\/\/api.w.org\/{rel}","templated":true}]}}