{"id":21911,"date":"2021-03-06T10:50:14","date_gmt":"2021-03-06T13:50:14","guid":{"rendered":"https:\/\/portalmovil.com.ar\/?p=21911"},"modified":"2021-03-06T10:50:18","modified_gmt":"2021-03-06T13:50:18","slug":"docentes-de-las-comunidade-originarias-podran-inscribirse-para-interinatos-y-suplencias","status":"publish","type":"post","link":"https:\/\/portalmovil.com.ar\/index.php\/2021\/03\/06\/docentes-de-las-comunidade-originarias-podran-inscribirse-para-interinatos-y-suplencias\/","title":{"rendered":"Docentes de las comunidade originarias podr\u00e1n inscribirse para interinatos y suplencias"},"content":{"rendered":"\n<p>A partir del pr\u00f3ximo martes 9 de marzo, y hasta el 7 de mayo, tendr\u00e1 lugar el primer Per\u00edodo Extraordinario de Inscripci\u00f3n a Interinatos y Suplencias para docentes ind\u00edgenas interculturales biling\u00fces de toda la provincia del Chaco. Se trata de un evento hist\u00f3rico para la educaci\u00f3n chaque\u00f1a, en el cual cerca de 300 docentes ind\u00edgenas tendr\u00e1n la posibilidad de acceder a cargos.<\/p>\n\n\n\n<p>Esta inscripci\u00f3n extraordinaria, que se desarrollar\u00e1 de manera presencial, iniciar\u00e1 en la Regional Educativa 1, que comprende las localidades de Misi\u00f3n Nueva Pompeya, El Sauzalito, Techat y Comandancia Fr\u00edas, y en simult\u00e1neo en las sedes correspondientes, as\u00ed como en la sede de la Ciudad de Resistencia. Posteriormente, desde el Ministerio de Educaci\u00f3n se informar\u00e1 c\u00f3mo continuar\u00e1 desarroll\u00e1ndose este proceso en las dem\u00e1s regionales.<\/p>\n\n\n\n<p>Est\u00e1n convocados a participar quienes tengan a disposici\u00f3n de titulaci\u00f3n correspondiente a Auxiliar Docente Aborigen, Maestro\/a Intercultural Biling\u00fce y Profesor\/a Intercultural Biling\u00fce, para confeccionar un listado de personal calificado para los cargos disponibles en las escuelas con poblaci\u00f3n ind\u00edgena. Luego, ser\u00e1n evaluados por la Junta de Clasificaci\u00f3n Poliniveles para la Educaci\u00f3n Biling\u00fce Intercultural Ind\u00edgena, creada en 2020. El mismo ser\u00e1 tenido en cuenta para la selecci\u00f3n del personal que requiera la instituci\u00f3n educativa con matr\u00edcula ind\u00edgena.<\/p>\n\n\n\n<p>La Junta de Clasificaci\u00f3n estar\u00e1 conformada por cuatro miembros titulares, que han sido designados ad hoc por el Ministerio de Educaci\u00f3n hasta tanto se concrete el primer llamado a elecciones.<\/p>\n\n\n\n<p>Tras una evaluaci\u00f3n de antecedentes profesionales por parte de la Subsecretar\u00eda de Interculturalidad y Pluriling\u00fcismo, mediante Resoluci\u00f3n N\u00ba 323 se design\u00f3 como miembro oficial a Natalia Dominga Grabre, como representante del Pueblo Qom a Isidro Tolentino, en representaci\u00f3n del Pueblo Wich\u00ed a Josefa Ballena, y como representante del Pueblo Moqoit a Humberto Maximiliano Eme. La sede de la Junta funciona en Avenida San Mart\u00edn 333 de la ciudad de Resistencia.<\/p>\n","protected":false},"excerpt":{"rendered":"<p>A partir del pr\u00f3ximo martes 9 de marzo, y hasta el 7 de mayo, tendr\u00e1 lugar el primer Per\u00edodo Extraordinario de Inscripci\u00f3n a Interinatos y Suplencias para docentes ind\u00edgenas interculturales biling\u00fces de toda la provincia del Chaco. Se trata de un evento hist\u00f3rico para la educaci\u00f3n chaque\u00f1a, en el cual cerca de 300 docentes ind\u00edgenas &hellip;<\/p>\n","protected":false},"author":2,"featured_media":21912,"comment_status":"open","ping_status":"open","sticky":false,"template":"","format":"standard","meta":{"_jetpack_memberships_contains_paid_content":false,"footnotes":"","jetpack_publicize_message":"","jetpack_publicize_feature_enabled":true,"jetpack_social_post_already_shared":true,"jetpack_social_options":{"image_generator_settings":{"template":"highway","default_image_id":0,"font":"","enabled":false},"version":2}},"categories":[28,5],"tags":[],"class_list":["post-21911","post","type-post","status-publish","format-standard","has-post-thumbnail","hentry","category-actualidad","category-chaco"],"jetpack_publicize_connections":[],"jetpack_featured_media_url":"https:\/\/portalmovil.com.ar\/wp-content\/uploads\/2021\/03\/unnamed-2.jpg","jetpack_sharing_enabled":true,"amp_enabled":true,"_links":{"self":[{"href":"https:\/\/portalmovil.com.ar\/index.php\/wp-json\/wp\/v2\/posts\/21911","targetHints":{"allow":["GET"]}}],"collection":[{"href":"https:\/\/portalmovil.com.ar\/index.php\/wp-json\/wp\/v2\/posts"}],"about":[{"href":"https:\/\/portalmovil.com.ar\/index.php\/wp-json\/wp\/v2\/types\/post"}],"author":[{"embeddable":true,"href":"https:\/\/portalmovil.com.ar\/index.php\/wp-json\/wp\/v2\/users\/2"}],"replies":[{"embeddable":true,"href":"https:\/\/portalmovil.com.ar\/index.php\/wp-json\/wp\/v2\/comments?post=21911"}],"version-history":[{"count":1,"href":"https:\/\/portalmovil.com.ar\/index.php\/wp-json\/wp\/v2\/posts\/21911\/revisions"}],"predecessor-version":[{"id":21913,"href":"https:\/\/portalmovil.com.ar\/index.php\/wp-json\/wp\/v2\/posts\/21911\/revisions\/21913"}],"wp:featuredmedia":[{"embeddable":true,"href":"https:\/\/portalmovil.com.ar\/index.php\/wp-json\/wp\/v2\/media\/21912"}],"wp:attachment":[{"href":"https:\/\/portalmovil.com.ar\/index.php\/wp-json\/wp\/v2\/media?parent=21911"}],"wp:term":[{"taxonomy":"category","embeddable":true,"href":"https:\/\/portalmovil.com.ar\/index.php\/wp-json\/wp\/v2\/categories?post=21911"},{"taxonomy":"post_tag","embeddable":true,"href":"https:\/\/portalmovil.com.ar\/index.php\/wp-json\/wp\/v2\/tags?post=21911"}],"curies":[{"name":"wp","href":"https:\/\/api.w.org\/{rel}","templated":true}]}}