{"id":21875,"date":"2021-03-05T16:28:12","date_gmt":"2021-03-05T19:28:12","guid":{"rendered":"https:\/\/portalmovil.com.ar\/?p=21875"},"modified":"2021-03-05T16:28:17","modified_gmt":"2021-03-05T19:28:17","slug":"estara-justificada-la-inasistencia-de-trabajadoras-el-8-de-marzo","status":"publish","type":"post","link":"https:\/\/portalmovil.com.ar\/index.php\/2021\/03\/05\/estara-justificada-la-inasistencia-de-trabajadoras-el-8-de-marzo\/","title":{"rendered":"Estar\u00e1 justificada la inasistencia de trabajadoras el 8 de marzo"},"content":{"rendered":"\n<p>El gobernador Jorge Capitanich decret\u00f3 la justificaci\u00f3n de la inasistencia laboral de trabajadoras de organismos estatales el lunes 8 de marzo. Es como \u201cgesto solidario de adhesi\u00f3n al Paro Internacional de Mujeres, en el marco de la conmemoraci\u00f3n del D\u00eda Internacional de la Mujer, con el fin de facilitar la activa participaci\u00f3n de las mismas en las diferentes actividades programadas para tan significativa fecha\u201d, se\u00f1ala el escrito.<\/p>\n\n\n\n<p>El Decreto 476, alcanza a todas las trabajadoras de la Administraci\u00f3n P\u00fablica, docentes, organismos aut\u00e1rquicos, descentralizados, empresas del Estado provincial y organismos constitucionales. Adem\u00e1s, invita a los poderes Legislativo y Judicial, municipios, organismos nacionales con sede en la provincia, la banca, la industria y el comercio, a adherirse a dicha medida.<\/p>\n\n\n\n<p>Asimismo, se exceptu\u00f3 de la medida a quienes trabajan en organismos o dependencias \u201cconsideradas esenciales\u201d como el Ministerio de Salud P\u00fablica y el de Desarrollo Social, Servicio Penitenciario Provincial y la Polic\u00eda Provincial. El 8 de marzo, se conmemora el D\u00eda Internacional de la Mujer, recordando la lucha de g\u00e9nero por su participaci\u00f3n en pie de igualdad con el hombre, en la sociedad y en su desarrollo \u00edntegro como persona, se\u00f1al\u00f3 el decreto.<\/p>\n\n\n\n<p>En los \u00faltimos a\u00f1os, en dicha fecha, \u201clas mujeres salen a las calles a reclamar el fin de la violencia machista pero tambi\u00e9n, el fin de la opresi\u00f3n en todos sus \u00e1mbitos, tanto laboral, cultural, educativo, bregando por un mundo m\u00e1s igualitario\u201d. Asimismo, cada 8 de marzo se desarrolla con un Paro Internacional de Mujeres, alrededor del planeta, convocando al cese total de actividades\u201d.<\/p>\n\n\n<a href=\"https:\/\/portalmovil.com.ar\/wp-content\/uploads\/2021\/03\/Decreto-N-476-2021_0001.pdf\" class=\"pdfemb-viewer\" style=\"\" data-width=\"max\" data-height=\"max\" data-toolbar=\"bottom\" data-toolbar-fixed=\"off\">Decreto-N-476-2021_0001<\/a>\n<p class=\"wp-block-pdfemb-pdf-embedder-viewer\"><\/p>\n\n\n\n<p>FOTO DE PORTADA: <em><strong>MUMALA CHACO<\/strong><\/em><\/p>\n","protected":false},"excerpt":{"rendered":"<p>El gobernador Jorge Capitanich decret\u00f3 la justificaci\u00f3n de la inasistencia laboral de trabajadoras de organismos estatales el lunes 8 de marzo. Es como \u201cgesto solidario de adhesi\u00f3n al Paro Internacional de Mujeres, en el marco de la conmemoraci\u00f3n del D\u00eda Internacional de la Mujer, con el fin de facilitar la activa participaci\u00f3n de las mismas &hellip;<\/p>\n","protected":false},"author":2,"featured_media":21877,"comment_status":"open","ping_status":"open","sticky":false,"template":"","format":"standard","meta":{"_jetpack_memberships_contains_paid_content":false,"footnotes":"","jetpack_publicize_message":"","jetpack_publicize_feature_enabled":true,"jetpack_social_post_already_shared":true,"jetpack_social_options":{"image_generator_settings":{"template":"highway","default_image_id":0,"font":"","enabled":false},"version":2}},"categories":[28,5],"tags":[],"class_list":["post-21875","post","type-post","status-publish","format-standard","has-post-thumbnail","hentry","category-actualidad","category-chaco"],"jetpack_publicize_connections":[],"jetpack_featured_media_url":"https:\/\/portalmovil.com.ar\/wp-content\/uploads\/2021\/03\/129556602_1880570045432867_1204604264865861860_o.jpg","jetpack_sharing_enabled":true,"amp_enabled":true,"_links":{"self":[{"href":"https:\/\/portalmovil.com.ar\/index.php\/wp-json\/wp\/v2\/posts\/21875","targetHints":{"allow":["GET"]}}],"collection":[{"href":"https:\/\/portalmovil.com.ar\/index.php\/wp-json\/wp\/v2\/posts"}],"about":[{"href":"https:\/\/portalmovil.com.ar\/index.php\/wp-json\/wp\/v2\/types\/post"}],"author":[{"embeddable":true,"href":"https:\/\/portalmovil.com.ar\/index.php\/wp-json\/wp\/v2\/users\/2"}],"replies":[{"embeddable":true,"href":"https:\/\/portalmovil.com.ar\/index.php\/wp-json\/wp\/v2\/comments?post=21875"}],"version-history":[{"count":1,"href":"https:\/\/portalmovil.com.ar\/index.php\/wp-json\/wp\/v2\/posts\/21875\/revisions"}],"predecessor-version":[{"id":21878,"href":"https:\/\/portalmovil.com.ar\/index.php\/wp-json\/wp\/v2\/posts\/21875\/revisions\/21878"}],"wp:featuredmedia":[{"embeddable":true,"href":"https:\/\/portalmovil.com.ar\/index.php\/wp-json\/wp\/v2\/media\/21877"}],"wp:attachment":[{"href":"https:\/\/portalmovil.com.ar\/index.php\/wp-json\/wp\/v2\/media?parent=21875"}],"wp:term":[{"taxonomy":"category","embeddable":true,"href":"https:\/\/portalmovil.com.ar\/index.php\/wp-json\/wp\/v2\/categories?post=21875"},{"taxonomy":"post_tag","embeddable":true,"href":"https:\/\/portalmovil.com.ar\/index.php\/wp-json\/wp\/v2\/tags?post=21875"}],"curies":[{"name":"wp","href":"https:\/\/api.w.org\/{rel}","templated":true}]}}