{"id":21858,"date":"2021-03-05T12:07:13","date_gmt":"2021-03-05T15:07:13","guid":{"rendered":"https:\/\/portalmovil.com.ar\/?p=21858"},"modified":"2021-03-05T12:07:16","modified_gmt":"2021-03-05T15:07:16","slug":"fernandez-permitio-el-ingreso-al-pais-de-extranjeros-con-antecedentes-penales","status":"publish","type":"post","link":"https:\/\/portalmovil.com.ar\/index.php\/2021\/03\/05\/fernandez-permitio-el-ingreso-al-pais-de-extranjeros-con-antecedentes-penales\/","title":{"rendered":"Fern\u00e1ndez permiti\u00f3 el ingreso al pa\u00eds de extranjeros con antecedentes penales"},"content":{"rendered":"\n<p>Durante la presidencia de\u00a0Mauricio Macri\u00a0se hab\u00eda puesto una traba m\u00e1s al ingreso al pa\u00eds de\u00a0extranjeros con antecedentes penales. Sin embargo, este viernes se public\u00f3 un decreto de\u00a0Alberto Fern\u00e1ndez\u00a0que deroga la pol\u00edtica migratoria establecida por la gesti\u00f3n anterior.<\/p>\n\n\n\n<p>Mediante el decreto 70, en el a\u00f1o 2017 Macri hab\u00eda modificado la\u00a0Ley de Migraciones\u00a0creando un \u00abprocedimiento migratorio especial sumar\u00edsimo\u00bb que permit\u00eda expulsar a delincuentes extranjeros pero tambi\u00e9n impedir el ingreso de personas con antecedentes penales. <\/p>\n\n\n\n<p>La restricci\u00f3n contemplaba a condenados o procesados\u00a0\u201cpor delitos que merezcan seg\u00fan las leyes argentinas penas privativas de libertad\u201d\u00a0\u00a0o \u201cdelitos de tr\u00e1fico de armas, de personas, de estupefacientes, de \u00f3rganos o tejidos, o por lavado de dinero o inversiones en actividades il\u00edcitas\u201d.\u00a0<\/p>\n\n\n\n<p>Pero en el gobierno actual interpretan que la disposici\u00f3n resulta \u00abirreconciliable\u00a0con nuestra\u00a0Constituci\u00f3n Nacional\u00a0y con el sistema internacional de protecci\u00f3n de los derechos humanos\u00bb. \u00abCabe mencionar la violaci\u00f3n al principio del debido proceso, al derecho a contar con asistencia y defensa legal, la restricci\u00f3n a un control amplio y suficiente del poder judicial sobre los actos de la autoridad administrativa, la amplitud con la que se prev\u00e9 la retenci\u00f3n preventiva del y de la migrante sin definir las causas que la habilitan y la restricci\u00f3n a los derechos de reunificaci\u00f3n familiar y dispensa por razones humanitarias\u201d, enumera.<\/p>\n\n\n\n<p>Por este motivo,\u00a0Alberto Fern\u00e1ndez\u00a0decidi\u00f3 derogar el decreto de\u00a0Mauricio Macri\u00a0agregando que en los hechos esa normativa \u00abno evidenci\u00f3 \u201cmejoras ponderables en otros aspectos\u201d sino que en realidad \u00abagrav\u00f3 exponencialmente la litigiosidad en materia migratoria\u201d.<\/p>\n\n\n\n<p>Tal es as\u00ed que existe un\u00a0fallo del 2018\u00a0que declara la\u00a0\u201cinvalidez constitucional\u201d del decreto por\u00a0presentar \u201ccaracteres regresivos incompatibles con los est\u00e1ndares constitucionales y de derechos humanos vigentes en nuestro ordenamiento jur\u00eddico\u201d.\u00a0<\/p>\n","protected":false},"excerpt":{"rendered":"<p>Durante la presidencia de\u00a0Mauricio Macri\u00a0se hab\u00eda puesto una traba m\u00e1s al ingreso al pa\u00eds de\u00a0extranjeros con antecedentes penales. Sin embargo, este viernes se public\u00f3 un decreto de\u00a0Alberto Fern\u00e1ndez\u00a0que deroga la pol\u00edtica migratoria establecida por la gesti\u00f3n anterior. Mediante el decreto 70, en el a\u00f1o 2017 Macri hab\u00eda modificado la\u00a0Ley de Migraciones\u00a0creando un \u00abprocedimiento migratorio especial &hellip;<\/p>\n","protected":false},"author":2,"featured_media":21859,"comment_status":"open","ping_status":"open","sticky":false,"template":"","format":"standard","meta":{"_jetpack_memberships_contains_paid_content":false,"footnotes":"","jetpack_publicize_message":"","jetpack_publicize_feature_enabled":true,"jetpack_social_post_already_shared":true,"jetpack_social_options":{"image_generator_settings":{"template":"highway","default_image_id":0,"font":"","enabled":false},"version":2}},"categories":[34,12],"tags":[],"class_list":["post-21858","post","type-post","status-publish","format-standard","has-post-thumbnail","hentry","category-nacional","category-ultimo"],"jetpack_publicize_connections":[],"jetpack_featured_media_url":"https:\/\/portalmovil.com.ar\/wp-content\/uploads\/2021\/03\/bb2d38c3-7c7c-420c-8f96-c8bb9e27e783.jpg","jetpack_sharing_enabled":true,"amp_enabled":true,"_links":{"self":[{"href":"https:\/\/portalmovil.com.ar\/index.php\/wp-json\/wp\/v2\/posts\/21858","targetHints":{"allow":["GET"]}}],"collection":[{"href":"https:\/\/portalmovil.com.ar\/index.php\/wp-json\/wp\/v2\/posts"}],"about":[{"href":"https:\/\/portalmovil.com.ar\/index.php\/wp-json\/wp\/v2\/types\/post"}],"author":[{"embeddable":true,"href":"https:\/\/portalmovil.com.ar\/index.php\/wp-json\/wp\/v2\/users\/2"}],"replies":[{"embeddable":true,"href":"https:\/\/portalmovil.com.ar\/index.php\/wp-json\/wp\/v2\/comments?post=21858"}],"version-history":[{"count":1,"href":"https:\/\/portalmovil.com.ar\/index.php\/wp-json\/wp\/v2\/posts\/21858\/revisions"}],"predecessor-version":[{"id":21860,"href":"https:\/\/portalmovil.com.ar\/index.php\/wp-json\/wp\/v2\/posts\/21858\/revisions\/21860"}],"wp:featuredmedia":[{"embeddable":true,"href":"https:\/\/portalmovil.com.ar\/index.php\/wp-json\/wp\/v2\/media\/21859"}],"wp:attachment":[{"href":"https:\/\/portalmovil.com.ar\/index.php\/wp-json\/wp\/v2\/media?parent=21858"}],"wp:term":[{"taxonomy":"category","embeddable":true,"href":"https:\/\/portalmovil.com.ar\/index.php\/wp-json\/wp\/v2\/categories?post=21858"},{"taxonomy":"post_tag","embeddable":true,"href":"https:\/\/portalmovil.com.ar\/index.php\/wp-json\/wp\/v2\/tags?post=21858"}],"curies":[{"name":"wp","href":"https:\/\/api.w.org\/{rel}","templated":true}]}}