{"id":2183,"date":"2020-02-20T14:25:42","date_gmt":"2020-02-20T17:25:42","guid":{"rendered":"http:\/\/portalmovil.com.ar\/?p=2183"},"modified":"2020-02-20T14:25:44","modified_gmt":"2020-02-20T17:25:44","slug":"capitanich-gestiono-a-nacion-el-financiamiento-para-el-desarrollo-energetico-del-chaco","status":"publish","type":"post","link":"https:\/\/portalmovil.com.ar\/index.php\/2020\/02\/20\/capitanich-gestiono-a-nacion-el-financiamiento-para-el-desarrollo-energetico-del-chaco\/","title":{"rendered":"Capitanich: Gestion\u00f3 a Naci\u00f3n, el financiamiento para el desarrollo energ\u00e9tico del Chaco"},"content":{"rendered":"\n<p>El gobernador Jorge Capitanich continu\u00f3 este mi\u00e9rcoles su agenda ante el gabinete nacional con un encuentro clave para el desarrollo energ\u00e9tico de la provincia, que incluye obras de infraestructura. Para eso se reuni\u00f3 con el secretario de Energ\u00eda de la Naci\u00f3n, Sergio Lanziani, a quien le present\u00f3 una serie de puntos concretos para trabajar en el corto y mediano plazo.<\/p>\n\n\n\n<p>Analizaron estrategias para poner en marcha un plan de amortizaci\u00f3n del consumo de la Compa\u00f1\u00eda Administradora del Mercado Mayorista El\u00e9ctrico SA (Cammesa), incorporando, entre otras cosas, tecnolog\u00eda lum\u00ednica sustentable. \u201cQueremos que todas las luminarias del Chaco tengan uso de luminarias LED, que ahorran el 50% de consumo energ\u00e9tico, tienen cuatro veces m\u00e1s de duraci\u00f3n y generan un impacto ambiental positivo\u201d, puntualiz\u00f3 el gobernador.<\/p>\n\n\n\n<p>\u201cVamos a hacer el esfuerzo para garantizar provisi\u00f3n de flujo el\u00e9ctrico en el \u00c1rea Metropolitana\u201d, asegur\u00f3. La reuni\u00f3n sirvi\u00f3 adem\u00e1s para que el gobernador pueda plantear la necesidad de garantizar un plan de inversi\u00f3n para avanzar con el anillado energ\u00e9tico del Sudoeste y de El Impenetrable, como parte de los compromisos asumidos con estas regiones durante su campa\u00f1a provincial en el 2019, al tiempo que solicit\u00f3 inversi\u00f3n para potenciar la producci\u00f3n de biodiesel y bioetanol.<\/p>\n\n\n\n<p>Adem\u00e1s, Capitanich record\u00f3 que parte de la inversi\u00f3n de Puerto Bastiani y Puerto Vilelas se enmarca en el desarrollo de cooperaci\u00f3n entre Naci\u00f3n y Provincia, remarcando que desde el Gobierno nacional \u201ca\u00fan queda pendiente la asignaci\u00f3n de una partida de 41 millones de pesos que estamos aguardando\u201d.<\/p>\n\n\n\n<p>\u201cA su vez hicimos tambi\u00e9n un an\u00e1lisis en materia energ\u00e9tica argentina, el programa de inversiones y las redes de distribuci\u00f3n de gasoductos, es decir, m\u00faltiples temas que tenemos en agenda bilateral de cooperaci\u00f3n entre naci\u00f3n y provincia\u201d, ampli\u00f3 el gobernador.<\/p>\n\n\n\n<p>Por otro lado, coment\u00f3 que le encarg\u00f3 a Lanziani que invite formalmente al Presidente de la Naci\u00f3n, Alberto Fern\u00e1ndez, a la inauguraci\u00f3n de la planta de biomasa de la firma Indunor en La Escondida que ser\u00e1 en mayo.<br><\/p>\n","protected":false},"excerpt":{"rendered":"<p>El gobernador Jorge Capitanich continu\u00f3 este mi\u00e9rcoles su agenda ante el gabinete nacional con un encuentro clave para el desarrollo energ\u00e9tico de la provincia, que incluye obras de infraestructura. Para eso se reuni\u00f3 con el secretario de Energ\u00eda de la Naci\u00f3n, Sergio Lanziani, a quien le present\u00f3 una serie de puntos concretos para trabajar en &hellip;<\/p>\n","protected":false},"author":2,"featured_media":2184,"comment_status":"open","ping_status":"open","sticky":false,"template":"","format":"standard","meta":{"_jetpack_memberships_contains_paid_content":false,"footnotes":"","jetpack_publicize_message":"","jetpack_publicize_feature_enabled":true,"jetpack_social_post_already_shared":true,"jetpack_social_options":{"image_generator_settings":{"template":"highway","default_image_id":0,"font":"","enabled":false},"version":2}},"categories":[5,14,12],"tags":[],"class_list":["post-2183","post","type-post","status-publish","format-standard","has-post-thumbnail","hentry","category-chaco","category-politica","category-ultimo"],"jetpack_publicize_connections":[],"jetpack_featured_media_url":"https:\/\/portalmovil.com.ar\/wp-content\/uploads\/2020\/02\/732a0470bae3ba6e5cdb83c65b3847ae.jpg","jetpack_sharing_enabled":true,"amp_enabled":true,"_links":{"self":[{"href":"https:\/\/portalmovil.com.ar\/index.php\/wp-json\/wp\/v2\/posts\/2183","targetHints":{"allow":["GET"]}}],"collection":[{"href":"https:\/\/portalmovil.com.ar\/index.php\/wp-json\/wp\/v2\/posts"}],"about":[{"href":"https:\/\/portalmovil.com.ar\/index.php\/wp-json\/wp\/v2\/types\/post"}],"author":[{"embeddable":true,"href":"https:\/\/portalmovil.com.ar\/index.php\/wp-json\/wp\/v2\/users\/2"}],"replies":[{"embeddable":true,"href":"https:\/\/portalmovil.com.ar\/index.php\/wp-json\/wp\/v2\/comments?post=2183"}],"version-history":[{"count":1,"href":"https:\/\/portalmovil.com.ar\/index.php\/wp-json\/wp\/v2\/posts\/2183\/revisions"}],"predecessor-version":[{"id":2185,"href":"https:\/\/portalmovil.com.ar\/index.php\/wp-json\/wp\/v2\/posts\/2183\/revisions\/2185"}],"wp:featuredmedia":[{"embeddable":true,"href":"https:\/\/portalmovil.com.ar\/index.php\/wp-json\/wp\/v2\/media\/2184"}],"wp:attachment":[{"href":"https:\/\/portalmovil.com.ar\/index.php\/wp-json\/wp\/v2\/media?parent=2183"}],"wp:term":[{"taxonomy":"category","embeddable":true,"href":"https:\/\/portalmovil.com.ar\/index.php\/wp-json\/wp\/v2\/categories?post=2183"},{"taxonomy":"post_tag","embeddable":true,"href":"https:\/\/portalmovil.com.ar\/index.php\/wp-json\/wp\/v2\/tags?post=2183"}],"curies":[{"name":"wp","href":"https:\/\/api.w.org\/{rel}","templated":true}]}}