{"id":21690,"date":"2021-03-02T11:57:10","date_gmt":"2021-03-02T14:57:10","guid":{"rendered":"https:\/\/portalmovil.com.ar\/?p=21690"},"modified":"2021-03-02T11:57:12","modified_gmt":"2021-03-02T14:57:12","slug":"capitanich-realizo-la-apertura-de-sobres-para-la-construccion-de-la-terminal-de-omnibus-de-plaza","status":"publish","type":"post","link":"https:\/\/portalmovil.com.ar\/index.php\/2021\/03\/02\/capitanich-realizo-la-apertura-de-sobres-para-la-construccion-de-la-terminal-de-omnibus-de-plaza\/","title":{"rendered":"Capitanich realiz\u00f3 la apertura de sobres para la construcci\u00f3n de la terminal de \u00f3mnibus de Plaza"},"content":{"rendered":"\n<p>El gobernador Jorge Capitanich, junto al intendente de Presidencia de la Plaza, Diego Bernachea, realiz\u00f3 la apertura de ofertas de la licitaci\u00f3n para la nueva terminal de \u00f3mnibus en la localidad antes mencionada. Las obras forman parte de un plan de inversi\u00f3n en infraestructura para mejorar las terminales e impulsar el servicio de transporte de pasajeros.<br>\u201cEs imprescindible que cada una de nuestras comunidades tenga una terminal de \u00f3mnibus con la suficiente amplitud y comodidad para que los pasajeros puedan trasladarse con total tranquilidad\u201d, dijo el gobernador quien estuvo acompa\u00f1ado, adem\u00e1s, del ministro de Planificaci\u00f3n, Econom\u00eda e Infraestructura, Santiago P\u00e9rez Pons.<\/p>\n\n\n\n<p>El primer mandatario destac\u00f3 adem\u00e1s el apoyo del gobierno nacional, encabezado por el presidente Alberto Fern\u00e1ndez y el ministro de Transporte, Mario Meoni y agreg\u00f3 \u201ctrabajamos cada d\u00eda para generar los recursos financieros que nos permitan concretas estas y otras obras\u201d.<\/p>\n\n\n\n<p>Vale recordar que la ejecuci\u00f3n de esta obra se enmarca dentro de un convenio suscripto por Capitanich y Meoni para la construcci\u00f3n de nuevas terminales de \u00f3mnibus destinadas a las localidades de General San Mart\u00edn y Presidencia de la Plaza, adem\u00e1s de refaccionar la ya existente en Juan Jos\u00e9 Castelli.<\/p>\n\n\n\n<p>\u201cPlaza es una de las localidades que cumple 100 a\u00f1os y queremos celebrarlo con m\u00e1s obras que mejoren la calidad de vida de sus habitantes\u201d, asever\u00f3 el gobernador a la par que mencion\u00f3 que \u201ces tiempo de recuperar la econom\u00eda de todos los sectores, es tiempo de poner al Chaco de pie\u201d.<\/p>\n","protected":false},"excerpt":{"rendered":"<p>El gobernador Jorge Capitanich, junto al intendente de Presidencia de la Plaza, Diego Bernachea, realiz\u00f3 la apertura de ofertas de la licitaci\u00f3n para la nueva terminal de \u00f3mnibus en la localidad antes mencionada. Las obras forman parte de un plan de inversi\u00f3n en infraestructura para mejorar las terminales e impulsar el servicio de transporte de &hellip;<\/p>\n","protected":false},"author":2,"featured_media":21691,"comment_status":"open","ping_status":"open","sticky":false,"template":"","format":"standard","meta":{"_jetpack_memberships_contains_paid_content":false,"footnotes":"","jetpack_publicize_message":"","jetpack_publicize_feature_enabled":true,"jetpack_social_post_already_shared":true,"jetpack_social_options":{"image_generator_settings":{"template":"highway","default_image_id":0,"font":"","enabled":false},"version":2}},"categories":[5,14,12],"tags":[],"class_list":["post-21690","post","type-post","status-publish","format-standard","has-post-thumbnail","hentry","category-chaco","category-politica","category-ultimo"],"jetpack_publicize_connections":[],"jetpack_featured_media_url":"https:\/\/portalmovil.com.ar\/wp-content\/uploads\/2021\/03\/154988725_4299436556737836_8858895413744967909_o.jpg","jetpack_sharing_enabled":true,"amp_enabled":true,"_links":{"self":[{"href":"https:\/\/portalmovil.com.ar\/index.php\/wp-json\/wp\/v2\/posts\/21690","targetHints":{"allow":["GET"]}}],"collection":[{"href":"https:\/\/portalmovil.com.ar\/index.php\/wp-json\/wp\/v2\/posts"}],"about":[{"href":"https:\/\/portalmovil.com.ar\/index.php\/wp-json\/wp\/v2\/types\/post"}],"author":[{"embeddable":true,"href":"https:\/\/portalmovil.com.ar\/index.php\/wp-json\/wp\/v2\/users\/2"}],"replies":[{"embeddable":true,"href":"https:\/\/portalmovil.com.ar\/index.php\/wp-json\/wp\/v2\/comments?post=21690"}],"version-history":[{"count":1,"href":"https:\/\/portalmovil.com.ar\/index.php\/wp-json\/wp\/v2\/posts\/21690\/revisions"}],"predecessor-version":[{"id":21692,"href":"https:\/\/portalmovil.com.ar\/index.php\/wp-json\/wp\/v2\/posts\/21690\/revisions\/21692"}],"wp:featuredmedia":[{"embeddable":true,"href":"https:\/\/portalmovil.com.ar\/index.php\/wp-json\/wp\/v2\/media\/21691"}],"wp:attachment":[{"href":"https:\/\/portalmovil.com.ar\/index.php\/wp-json\/wp\/v2\/media?parent=21690"}],"wp:term":[{"taxonomy":"category","embeddable":true,"href":"https:\/\/portalmovil.com.ar\/index.php\/wp-json\/wp\/v2\/categories?post=21690"},{"taxonomy":"post_tag","embeddable":true,"href":"https:\/\/portalmovil.com.ar\/index.php\/wp-json\/wp\/v2\/tags?post=21690"}],"curies":[{"name":"wp","href":"https:\/\/api.w.org\/{rel}","templated":true}]}}