{"id":2158,"date":"2020-02-19T23:12:52","date_gmt":"2020-02-20T02:12:52","guid":{"rendered":"http:\/\/portalmovil.com.ar\/?p=2158"},"modified":"2020-02-19T23:13:00","modified_gmt":"2020-02-20T02:13:00","slug":"tenemos-miedo-en-la-carcel-nos-gritan-que-nos-quieren-violar-denunciaron-los-rugbiers-detenidos","status":"publish","type":"post","link":"https:\/\/portalmovil.com.ar\/index.php\/2020\/02\/19\/tenemos-miedo-en-la-carcel-nos-gritan-que-nos-quieren-violar-denunciaron-los-rugbiers-detenidos\/","title":{"rendered":"\u201cTenemos miedo, en la c\u00e1rcel nos gritan que nos quieren violar\u201d, denunciaron los rugbiers detenidos"},"content":{"rendered":"\n<p>Ciro Pertossi&nbsp;fue el segundo de los rugbiers detenidos por el crimen de&nbsp;Fernando B\u00e1ez Sosa&nbsp;\u200b(18) en sentarse este mi\u00e9rcoles&nbsp;ante la fiscal Ver\u00f3nica Zamboni para la segunda indagatoria. Y mantuvo la misma postura que&nbsp;M\u00e1ximo Thomsen: se neg\u00f3 a declarar, no acept\u00f3 responder preguntas, pero eso no implic\u00f3 que no dijera algunas cosas.<\/p>\n\n\n\n<p>Pertossi dijo que la fiscal Zamboni le genera \u201cdesconfianza\u201d, y denunci\u00f3 que son amenazados por otros presos de la c\u00e1rcel de Dolores, que les dicen que los \u201cpueden lastimar\u201d.<\/p>\n\n\n\n<p>\u201cYo declarar\u00eda pero no frente a (la fiscal Ver\u00f3nica) Zamboni porque me genera desconfianza porque no s\u00e9 si lo que yo voy a decir ac\u00e1 va a salir en los medios, como ya estuvo pasando\u201d, dijo Ciro Pertossi.<ins><\/ins><\/p>\n\n\n\n<p>Y&nbsp;sigui\u00f3: \u201cLo \u00fanico que queremos es que todo esto termine. Tenemos ganas de declarar porque ya no soportamos la presi\u00f3n de los medios, de los presos que nos vienen amenazando cada d\u00eda\u201d.<\/p>\n\n\n\n<p>Luego habl\u00f3 de las presuntas amenazas en la c\u00e1rcel. \u201cLos propios internos nos dicen que a nosotros nos pueden lastimar\u201d, fueron los dichos de Ciro Pertossi, seg\u00fan la agencia T\u00e9lam. Y agreg\u00f3: \u201cLo \u00fanico que tenemos nosotros es miedo de que nos pueda llegar a pasar algo\u201d.<\/p>\n\n\n\n<p>Las palabras de Ciro Pertossi fueron en l\u00ednea con las de Thomsen, el primero de los ocho&nbsp;rugbiers\u200b en pasar para afrontar la segunda indagatoria ante Zamboni: \u201cMe mentiste en la cara, mientras vos seas la fiscal no voy a hablar del caso\u201d, le hab\u00eda dicho a la fiscal.<\/p>\n\n\n\n<p>Y tambi\u00e9n habl\u00f3 Thomsen de la vida en el penal de Dolores: \u201cLos otros presos nos gritan que tienen precio nuestras cabezas (\u2026), que nos quieren violar, nos gritan de todo por la ventana\u201d.<\/p>\n\n\n\n<p>Luego, fue el turno de Blas Cinalli. \u201cTenemos todos miedo, por el tema de la c\u00e1rcel, por la ventana nos gritan cosas,&nbsp;nos dicen que nos esperan\u201d, dijo.<\/p>\n\n\n\n<p>Tambi\u00e9n apunt\u00f3 lo mismo Enzo Comelli: \u201c(En el penal) recibimos muchos insultos y amenazas de parte de otros internos por ventanas a la madrugada, a la tarde, a toda hora\u201d.<\/p>\n\n\n\n<p>\u201cNos quieren asustar afilando las puntas debajo de nuestra ventana, gritando nuestros apellidos reiteradamente, grabando videos esper\u00e1ndonos en los pabellones\u201d, agreg\u00f3.<\/p>\n\n\n\n<p>Thomsen y Ciro Pertossi fueron desde un primer momento imputados como coautores del crimen de Fernando B\u00e1ez Sosa, quien muri\u00f3 en la madrugada del 18 de enero tras recibir una brutal golpiza a la salida del boliche Le Brique de Villa Gesell\u200b.<\/p>\n\n\n\n<p>Pero luego de que el juez de Garant\u00edas David Mancinelli avalara el pedido de prisi\u00f3n preventiva y les agregara el agravante de la \u201calevos\u00eda\u201d a la calificaci\u00f3n; y que la fiscal ampliara la imputaci\u00f3n a los ocho como \u201ccoautores\u201d del&nbsp;homicidio, con el doble agravante de la alevos\u00eda y el concurso premeditado de dos o m\u00e1s personas&nbsp;y las&nbsp;lesiones&nbsp;sufridas por los amigos de la v\u00edctima; los imputados se encontraron con una segunda chance de contar su versi\u00f3n ante la Justicia.<\/p>\n\n\n\n<p>Adem\u00e1s de Ciro Pertossi y&nbsp;Thomsen,&nbsp;Blas Cinalli,&nbsp;Enzo Comelli, Ayrton Viollaz, Luciano y Lucas Pertossi y Mat\u00edas Benicelli tambi\u00e9n pasaron a ser imputados por coautores cuando previamente los hab\u00edan acusados de ser part\u00edcipes necesarios del crimen de&nbsp;Fernando\u200b.<\/p>\n\n\n\n<p>Por eso, este mi\u00e9rcoles los ocho fueron trasladado a la fiscal\u00eda de Villa Gesell para ser indagados bajo la nueva imputaci\u00f3n. \u201cNo sabemos por qu\u00e9 estamos detenidos\u201d, fue el planteo que repitieron los rugbiers, frente a la fiscal y en presencia del juez Mancinelli, quien lleg\u00f3 al mediod\u00eda a pedido del abogado defensor Hugo Tomei.<\/p>\n\n\n\n<p>La postura que asumieron los acusados sigue la l\u00ednea de los planteos que viene haciendo el abogado defensor, quien recus\u00f3 y denunci\u00f3 penalmente a la fiscal por presuntas irregularidades ocurridas el d\u00eda que indag\u00f3 por primera vez a sus clientes.<\/p>\n\n\n\n<p>Los \u00fanicos que seguir\u00e1n acusados como \u201cpart\u00edcipes necesarios\u201d ser\u00e1n Alejo Milanesi (19) y Juan Pedro Guarino (19), quienes recuperaron la libertad el pasado lunes 10 de febrero, y est\u00e1 previsto que sean indagados este jueves.<\/p>\n","protected":false},"excerpt":{"rendered":"<p>Ciro Pertossi&nbsp;fue el segundo de los rugbiers detenidos por el crimen de&nbsp;Fernando B\u00e1ez Sosa&nbsp;\u200b(18) en sentarse este mi\u00e9rcoles&nbsp;ante la fiscal Ver\u00f3nica Zamboni para la segunda indagatoria. Y mantuvo la misma postura que&nbsp;M\u00e1ximo Thomsen: se neg\u00f3 a declarar, no acept\u00f3 responder preguntas, pero eso no implic\u00f3 que no dijera algunas cosas. Pertossi dijo que la fiscal &hellip;<\/p>\n","protected":false},"author":2,"featured_media":2159,"comment_status":"open","ping_status":"open","sticky":false,"template":"","format":"standard","meta":{"_jetpack_memberships_contains_paid_content":false,"footnotes":"","jetpack_publicize_message":"","jetpack_publicize_feature_enabled":true,"jetpack_social_post_already_shared":true,"jetpack_social_options":{"image_generator_settings":{"template":"highway","default_image_id":0,"font":"","enabled":false},"version":2}},"categories":[50,12],"tags":[],"class_list":["post-2158","post","type-post","status-publish","format-standard","has-post-thumbnail","hentry","category-judiciales","category-ultimo"],"jetpack_publicize_connections":[],"jetpack_featured_media_url":"https:\/\/portalmovil.com.ar\/wp-content\/uploads\/2020\/02\/BBZ9mxA.jpg","jetpack_sharing_enabled":true,"amp_enabled":true,"_links":{"self":[{"href":"https:\/\/portalmovil.com.ar\/index.php\/wp-json\/wp\/v2\/posts\/2158","targetHints":{"allow":["GET"]}}],"collection":[{"href":"https:\/\/portalmovil.com.ar\/index.php\/wp-json\/wp\/v2\/posts"}],"about":[{"href":"https:\/\/portalmovil.com.ar\/index.php\/wp-json\/wp\/v2\/types\/post"}],"author":[{"embeddable":true,"href":"https:\/\/portalmovil.com.ar\/index.php\/wp-json\/wp\/v2\/users\/2"}],"replies":[{"embeddable":true,"href":"https:\/\/portalmovil.com.ar\/index.php\/wp-json\/wp\/v2\/comments?post=2158"}],"version-history":[{"count":1,"href":"https:\/\/portalmovil.com.ar\/index.php\/wp-json\/wp\/v2\/posts\/2158\/revisions"}],"predecessor-version":[{"id":2160,"href":"https:\/\/portalmovil.com.ar\/index.php\/wp-json\/wp\/v2\/posts\/2158\/revisions\/2160"}],"wp:featuredmedia":[{"embeddable":true,"href":"https:\/\/portalmovil.com.ar\/index.php\/wp-json\/wp\/v2\/media\/2159"}],"wp:attachment":[{"href":"https:\/\/portalmovil.com.ar\/index.php\/wp-json\/wp\/v2\/media?parent=2158"}],"wp:term":[{"taxonomy":"category","embeddable":true,"href":"https:\/\/portalmovil.com.ar\/index.php\/wp-json\/wp\/v2\/categories?post=2158"},{"taxonomy":"post_tag","embeddable":true,"href":"https:\/\/portalmovil.com.ar\/index.php\/wp-json\/wp\/v2\/tags?post=2158"}],"curies":[{"name":"wp","href":"https:\/\/api.w.org\/{rel}","templated":true}]}}