{"id":2152,"date":"2020-02-19T22:00:51","date_gmt":"2020-02-20T01:00:51","guid":{"rendered":"http:\/\/portalmovil.com.ar\/?p=2152"},"modified":"2020-02-19T22:00:58","modified_gmt":"2020-02-20T01:00:58","slug":"resistencia-jacinto-sampayo-en-contra-del-equipo-habitat","status":"publish","type":"post","link":"https:\/\/portalmovil.com.ar\/index.php\/2020\/02\/19\/resistencia-jacinto-sampayo-en-contra-del-equipo-habitat\/","title":{"rendered":"Resistencia: Jacinto Sampayo en contra del Equipo H\u00e1bitat"},"content":{"rendered":"\n<p>El Secretario General del Sindicato de Trabajadores Municipales de Resistencia, Jacinto Amaro Sampayo, en di\u00e1logo con La Radio, advirti\u00f3 que el Intendente Gustavo Mart\u00ednez intenta montar un \u00e1rea de servicios paralela a trav\u00e9s del denominado Equipo H\u00e1bitat, que no pertenece a la \u00f3rbita comunal.<\/p>\n\n\n\n<p>Primeramente reconoci\u00f3 un d\u00e9ficit en el servicio de recolecci\u00f3n de residuos en la capital chaque\u00f1a y lo adjudic\u00f3 a la ausencia de funcionarios id\u00f3neos en el \u00e1rea y precis\u00f3 incluso que quien se encuentra a cargo en la actualidad es un dirigente que ya se era parte de la gesti\u00f3n de Capitanich: \u201cNo sabe nada y me duele que estemos as\u00ed los municipales, que estemos viviendo momentos de incertidumbre, aparecen camiones nuevos y personal con un uniforme que dice H\u00e1bitat, quienes son y qu\u00e9 responsabilidad tienen, hay una Municipalidad paralela\u201d, denunci\u00f3.<\/p>\n\n\n\n<p>Sampayo tambi\u00e9n critic\u00f3 el accionar personal del intendente Mart\u00ednez: \u201cGustavo tuvo una conversaci\u00f3n conmigo y yo le cre\u00ed que ten\u00edamos que esperar que vuelva de sus vacaciones para sentarnos a hablar y no cumpli\u00f3, porque lo que hacen los Subsecretarios no creo que sea por propia iniciativa\u201d se lament\u00f3.<\/p>\n","protected":false},"excerpt":{"rendered":"<p>El Secretario General del Sindicato de Trabajadores Municipales de Resistencia, Jacinto Amaro Sampayo, en di\u00e1logo con La Radio, advirti\u00f3 que el Intendente Gustavo Mart\u00ednez intenta montar un \u00e1rea de servicios paralela a trav\u00e9s del denominado Equipo H\u00e1bitat, que no pertenece a la \u00f3rbita comunal. Primeramente reconoci\u00f3 un d\u00e9ficit en el servicio de recolecci\u00f3n de residuos &hellip;<\/p>\n","protected":false},"author":2,"featured_media":2153,"comment_status":"open","ping_status":"open","sticky":false,"template":"","format":"standard","meta":{"_jetpack_memberships_contains_paid_content":false,"footnotes":"","jetpack_publicize_message":"","jetpack_publicize_feature_enabled":true,"jetpack_social_post_already_shared":true,"jetpack_social_options":{"image_generator_settings":{"template":"highway","default_image_id":0,"font":"","enabled":false},"version":2}},"categories":[37],"tags":[],"class_list":["post-2152","post","type-post","status-publish","format-standard","has-post-thumbnail","hentry","category-resistencia"],"jetpack_publicize_connections":[],"jetpack_featured_media_url":"https:\/\/portalmovil.com.ar\/wp-content\/uploads\/2020\/02\/unnamed-14.jpg","jetpack_sharing_enabled":true,"amp_enabled":true,"_links":{"self":[{"href":"https:\/\/portalmovil.com.ar\/index.php\/wp-json\/wp\/v2\/posts\/2152","targetHints":{"allow":["GET"]}}],"collection":[{"href":"https:\/\/portalmovil.com.ar\/index.php\/wp-json\/wp\/v2\/posts"}],"about":[{"href":"https:\/\/portalmovil.com.ar\/index.php\/wp-json\/wp\/v2\/types\/post"}],"author":[{"embeddable":true,"href":"https:\/\/portalmovil.com.ar\/index.php\/wp-json\/wp\/v2\/users\/2"}],"replies":[{"embeddable":true,"href":"https:\/\/portalmovil.com.ar\/index.php\/wp-json\/wp\/v2\/comments?post=2152"}],"version-history":[{"count":1,"href":"https:\/\/portalmovil.com.ar\/index.php\/wp-json\/wp\/v2\/posts\/2152\/revisions"}],"predecessor-version":[{"id":2154,"href":"https:\/\/portalmovil.com.ar\/index.php\/wp-json\/wp\/v2\/posts\/2152\/revisions\/2154"}],"wp:featuredmedia":[{"embeddable":true,"href":"https:\/\/portalmovil.com.ar\/index.php\/wp-json\/wp\/v2\/media\/2153"}],"wp:attachment":[{"href":"https:\/\/portalmovil.com.ar\/index.php\/wp-json\/wp\/v2\/media?parent=2152"}],"wp:term":[{"taxonomy":"category","embeddable":true,"href":"https:\/\/portalmovil.com.ar\/index.php\/wp-json\/wp\/v2\/categories?post=2152"},{"taxonomy":"post_tag","embeddable":true,"href":"https:\/\/portalmovil.com.ar\/index.php\/wp-json\/wp\/v2\/tags?post=2152"}],"curies":[{"name":"wp","href":"https:\/\/api.w.org\/{rel}","templated":true}]}}