{"id":2142,"date":"2020-02-19T16:21:50","date_gmt":"2020-02-19T19:21:50","guid":{"rendered":"http:\/\/portalmovil.com.ar\/?p=2142"},"modified":"2020-02-19T16:25:05","modified_gmt":"2020-02-19T19:25:05","slug":"resistenica-robaron-a-una-periodista-de-radio-facundo-quiroga-a-punta-de-pistola","status":"publish","type":"post","link":"https:\/\/portalmovil.com.ar\/index.php\/2020\/02\/19\/resistenica-robaron-a-una-periodista-de-radio-facundo-quiroga-a-punta-de-pistola\/","title":{"rendered":"Resistenica: Robaron a una periodista de Radio Facundo Quiroga a punta de pistola"},"content":{"rendered":"\n<p>En horas de la ma\u00f1ana de este mi\u00e9rcoles, la periodista&nbsp;<strong>Mar\u00eda Cecilia Herrera<\/strong>, quien ejerce su profesi\u00f3n en&nbsp;<strong>Radio Facundo Quiroga<\/strong>,&nbsp;<strong>fue asaltada<\/strong>&nbsp;por dos denominados&nbsp;<strong>\u201cmotochorros\u201d<\/strong>&nbsp;que portando&nbsp;<strong>un arma de fuego<\/strong>&nbsp;y a cara descubierta le arrebataron sus pertenencia.<\/p>\n\n\n\n<p>El hecho hab\u00eda ocurrido en la parada de colectivo de la l\u00ednea 106 del barrio Complejo Malvinas, dos hombres de&nbsp;<strong>entre 30 y 40 a\u00f1os la interceptaron<\/strong>, sin intercambiar palabras, y apunt\u00e1ndole con una pistola, le quitaron una mochila donde guardaba un celular y documentaci\u00f3n personal de la locutora.<\/p>\n\n\n\n<p><strong>No fue agredida f\u00edsicamente<\/strong>, pero la trabajadora indic\u00f3 que m\u00e1s all\u00e1 de las posesiones perdidas lo que realmente la afecta es la&nbsp;<strong>sensaci\u00f3n de vulnerabilidad<\/strong>&nbsp;y agreg\u00f3 \u201ccreo que de las cosas m\u00e1s valiosas que he perdido, me han quitado la tranquilidad de tomar el colectivo para venir a trabajar\u201d.<\/p>\n\n\n\n<p>Hay que se\u00f1alar la facilidad con la que un criminal puede conseguir un arma y la falta de control con la que delinquen a plena luz del d\u00eda. Cecilia advirti\u00f3 que \u201csorprende la tranquilidad con la que se fueron con mis cosas, y la intranquilidad con la que yo me qued\u00e9\u201d.<\/p>\n","protected":false},"excerpt":{"rendered":"<p>En horas de la ma\u00f1ana de este mi\u00e9rcoles, la periodista&nbsp;Mar\u00eda Cecilia Herrera, quien ejerce su profesi\u00f3n en&nbsp;Radio Facundo Quiroga,&nbsp;fue asaltada&nbsp;por dos denominados&nbsp;\u201cmotochorros\u201d&nbsp;que portando&nbsp;un arma de fuego&nbsp;y a cara descubierta le arrebataron sus pertenencia. El hecho hab\u00eda ocurrido en la parada de colectivo de la l\u00ednea 106 del barrio Complejo Malvinas, dos hombres de&nbsp;entre 30 y &hellip;<\/p>\n","protected":false},"author":2,"featured_media":2145,"comment_status":"open","ping_status":"open","sticky":false,"template":"","format":"standard","meta":{"_jetpack_memberships_contains_paid_content":false,"footnotes":"","jetpack_publicize_message":"","jetpack_publicize_feature_enabled":true,"jetpack_social_post_already_shared":true,"jetpack_social_options":{"image_generator_settings":{"template":"highway","default_image_id":0,"font":"","enabled":false},"version":2}},"categories":[8],"tags":[],"class_list":["post-2142","post","type-post","status-publish","format-standard","has-post-thumbnail","hentry","category-policiales"],"jetpack_publicize_connections":[],"jetpack_featured_media_url":"https:\/\/portalmovil.com.ar\/wp-content\/uploads\/2020\/02\/unnamed-13.jpg","jetpack_sharing_enabled":true,"amp_enabled":true,"_links":{"self":[{"href":"https:\/\/portalmovil.com.ar\/index.php\/wp-json\/wp\/v2\/posts\/2142","targetHints":{"allow":["GET"]}}],"collection":[{"href":"https:\/\/portalmovil.com.ar\/index.php\/wp-json\/wp\/v2\/posts"}],"about":[{"href":"https:\/\/portalmovil.com.ar\/index.php\/wp-json\/wp\/v2\/types\/post"}],"author":[{"embeddable":true,"href":"https:\/\/portalmovil.com.ar\/index.php\/wp-json\/wp\/v2\/users\/2"}],"replies":[{"embeddable":true,"href":"https:\/\/portalmovil.com.ar\/index.php\/wp-json\/wp\/v2\/comments?post=2142"}],"version-history":[{"count":2,"href":"https:\/\/portalmovil.com.ar\/index.php\/wp-json\/wp\/v2\/posts\/2142\/revisions"}],"predecessor-version":[{"id":2146,"href":"https:\/\/portalmovil.com.ar\/index.php\/wp-json\/wp\/v2\/posts\/2142\/revisions\/2146"}],"wp:featuredmedia":[{"embeddable":true,"href":"https:\/\/portalmovil.com.ar\/index.php\/wp-json\/wp\/v2\/media\/2145"}],"wp:attachment":[{"href":"https:\/\/portalmovil.com.ar\/index.php\/wp-json\/wp\/v2\/media?parent=2142"}],"wp:term":[{"taxonomy":"category","embeddable":true,"href":"https:\/\/portalmovil.com.ar\/index.php\/wp-json\/wp\/v2\/categories?post=2142"},{"taxonomy":"post_tag","embeddable":true,"href":"https:\/\/portalmovil.com.ar\/index.php\/wp-json\/wp\/v2\/tags?post=2142"}],"curies":[{"name":"wp","href":"https:\/\/api.w.org\/{rel}","templated":true}]}}