{"id":21409,"date":"2021-02-25T13:11:35","date_gmt":"2021-02-25T16:11:35","guid":{"rendered":"https:\/\/portalmovil.com.ar\/?p=21409"},"modified":"2021-02-25T14:47:31","modified_gmt":"2021-02-25T17:47:31","slug":"vanesa-lopez-recupero-su-libertad-la-defensa-espera-que-tambien-lo-hagan-liva-y-moreno","status":"publish","type":"post","link":"https:\/\/portalmovil.com.ar\/index.php\/2021\/02\/25\/vanesa-lopez-recupero-su-libertad-la-defensa-espera-que-tambien-lo-hagan-liva-y-moreno\/","title":{"rendered":"Vanesa L\u00f3pez recuper\u00f3 su libertad; la defensa espera que tambi\u00e9n lo hagan Liva y Moreno"},"content":{"rendered":"\n<p>Juan Mart\u00edn Varas, abogado de Vanesa L\u00f3pez, principal implicada en la causa que investiga el posible desv\u00edo de mercader\u00edas de Desarrollo Social que iban destinadas al barrio Toba, dialog\u00f3 este jueves con<strong><em> CIUDAD TV<\/em><\/strong> y confirm\u00f3 que la dirigente recuper\u00f3 su libertad debido a su situaci\u00f3n de salud. Respecto de Liva y Moreno, espera la misma suerte \u00abpor no existir riesgos ni presentarse los supuestos que ameriten una prisi\u00f3n preventiva\u00bb. \u201cNo podemos hablar de una maniobra il\u00edcita\u201d, asegur\u00f3.<\/p>\n\n\n\n<p>El abogado, se\u00f1al\u00f3 que, en principio, cuando tom\u00f3 conocimiento del \u201cconflicto suscitado\u201d formaliz\u00f3 un escrito en el que solicitaba se los mantenga en libertad ya que no hab\u00eda&nbsp;\u201cuna calificaci\u00f3n que ameritara una detenci\u00f3n\u201d. No obstante, frente a la orden de detenci\u00f3n por parte de la fiscal\u00eda, \u201ccomo forma de colaborar con la investigaci\u00f3n y ponernos en funci\u00f3n de la justicia, se presentaron el Sr. Liba, Moreno y la Sra. L\u00f3pez en forma personal dentro de una Comisar\u00eda\u201d, apunt\u00f3.<\/p>\n\n\n\n<p>All\u00ed presentaron las declaraciones como imputados. \u201cSe los imputa en el Art. 157 Inc. 5 que es un tipo de estafa. (\u2026) Ellos prestaron declaraci\u00f3n, dieron su versi\u00f3n de los hechos y ahora estamos a la espera que la fiscal resuelva la situaci\u00f3n de (Walter) Liva y de (Hugo) Moreno que entendemos que tienen que estar en libertad por la inexistencia de los procesales y por la calificaci\u00f3n, por el delito penal que se les imputa\u201d, asegur\u00f3.<\/p>\n\n\n\n<p>Explico que el C\u00f3digo Penal establece que luego de presentar la declaraci\u00f3n de imputado, la Fiscal\u00eda \u201ctiene el plazo de 10 d\u00edas h\u00e1biles para resolver la situaci\u00f3n\u201d. \u201cSi dicta una prisi\u00f3n preventiva o si le da la libertad. Pero al no existir riesgos ni presentarse los supuestos que ameriten una prisi\u00f3n preventiva lo puede resolver antes\u201d.<\/p>\n\n\n\n<h2 class=\"wp-block-heading\"><strong>La situaci\u00f3n de L\u00f3pez<\/strong><\/h2>\n\n\n\n<p>El abogado Varas confirm\u00f3 que la situaci\u00f3n de salud de L\u00f3pez fue lo que llev\u00f3 a la presentaci\u00f3n y posterior liberaci\u00f3n de su defendida en la causa que la tiene entre las principales imputadas. Explic\u00f3 que el C\u00f3digo Penal y la Ley de Ejecuci\u00f3n Penal establecen que \u201ca una madre de un ni\u00f1o o ni\u00f1a menor de 5 a\u00f1os corresponde este beneficio o morigeraci\u00f3n de las condiciones de detenci\u00f3n\u201d.<\/p>\n\n\n\n<p>\u201cLa se\u00f1ora Vanesa L\u00f3pez es una dirigente social que&nbsp;realiza trabajo social en colaboraci\u00f3n y asistencia a todos los hermanos abor\u00edgenes de la provincia o sea que no se circunscribe a lo que es el Gran Toba de&nbsp;Resistencia. Asisten a parajes de R\u00edo Bermejito, de Castelli, Las Garcitas. es muy amplio su campo de asistencia\u201d, se\u00f1al\u00f3.<\/p>\n\n\n\n<p>Dijo en cuanto a los m\u00f3dulos alimentarios, que cuentan con \u201cuna partida para la ciudad de Resistencia y otra m\u00e1s grande para el resto de la provincia\u201d. Asegur\u00f3 que \u201cesta partida que fue secuestrada estaba en camino de ser entregada. Lo concreto es que la mercader\u00eda no pudo ser entregada porque fue secuestrada en horas previas a la entrega. Sale de ac\u00e1 con las gu\u00edas, con los remitos y cuando se disponen a ser entregadas son secuestradas\u201d.<\/p>\n\n\n\n<p>\u201cNo podemos hablar de una maniobra il\u00edcita porque tampoco podemos decir que estaban exhibidas o puestas a la venta. Estaban de la misma forma en la que fueron retiradas de Desarrollo Social\u201d, sostuvo.<\/p>\n\n\n\n<p>FUENTE INFORMATIVA: <em><strong><a href=\"https:\/\/www.chacodiapordia.com\/\">CHACO DIA POR DIA <\/a><\/strong><\/em><\/p>\n","protected":false},"excerpt":{"rendered":"<p>Juan Mart\u00edn Varas, abogado de Vanesa L\u00f3pez, principal implicada en la causa que investiga el posible desv\u00edo de mercader\u00edas de Desarrollo Social que iban destinadas al barrio Toba, dialog\u00f3 este jueves con CIUDAD TV y confirm\u00f3 que la dirigente recuper\u00f3 su libertad debido a su situaci\u00f3n de salud. Respecto de Liva y Moreno, espera la &hellip;<\/p>\n","protected":false},"author":2,"featured_media":21410,"comment_status":"open","ping_status":"open","sticky":false,"template":"","format":"standard","meta":{"_jetpack_memberships_contains_paid_content":false,"footnotes":"","jetpack_publicize_message":"","jetpack_publicize_feature_enabled":true,"jetpack_social_post_already_shared":true,"jetpack_social_options":{"image_generator_settings":{"template":"highway","default_image_id":0,"font":"","enabled":false},"version":2}},"categories":[50,37],"tags":[],"class_list":["post-21409","post","type-post","status-publish","format-standard","has-post-thumbnail","hentry","category-judiciales","category-resistencia"],"jetpack_publicize_connections":[],"jetpack_featured_media_url":"https:\/\/portalmovil.com.ar\/wp-content\/uploads\/2021\/02\/255043w980h1800.jpg","jetpack_sharing_enabled":true,"amp_enabled":true,"_links":{"self":[{"href":"https:\/\/portalmovil.com.ar\/index.php\/wp-json\/wp\/v2\/posts\/21409","targetHints":{"allow":["GET"]}}],"collection":[{"href":"https:\/\/portalmovil.com.ar\/index.php\/wp-json\/wp\/v2\/posts"}],"about":[{"href":"https:\/\/portalmovil.com.ar\/index.php\/wp-json\/wp\/v2\/types\/post"}],"author":[{"embeddable":true,"href":"https:\/\/portalmovil.com.ar\/index.php\/wp-json\/wp\/v2\/users\/2"}],"replies":[{"embeddable":true,"href":"https:\/\/portalmovil.com.ar\/index.php\/wp-json\/wp\/v2\/comments?post=21409"}],"version-history":[{"count":2,"href":"https:\/\/portalmovil.com.ar\/index.php\/wp-json\/wp\/v2\/posts\/21409\/revisions"}],"predecessor-version":[{"id":21420,"href":"https:\/\/portalmovil.com.ar\/index.php\/wp-json\/wp\/v2\/posts\/21409\/revisions\/21420"}],"wp:featuredmedia":[{"embeddable":true,"href":"https:\/\/portalmovil.com.ar\/index.php\/wp-json\/wp\/v2\/media\/21410"}],"wp:attachment":[{"href":"https:\/\/portalmovil.com.ar\/index.php\/wp-json\/wp\/v2\/media?parent=21409"}],"wp:term":[{"taxonomy":"category","embeddable":true,"href":"https:\/\/portalmovil.com.ar\/index.php\/wp-json\/wp\/v2\/categories?post=21409"},{"taxonomy":"post_tag","embeddable":true,"href":"https:\/\/portalmovil.com.ar\/index.php\/wp-json\/wp\/v2\/tags?post=21409"}],"curies":[{"name":"wp","href":"https:\/\/api.w.org\/{rel}","templated":true}]}}