{"id":2125,"date":"2020-02-18T22:46:34","date_gmt":"2020-02-19T01:46:34","guid":{"rendered":"http:\/\/portalmovil.com.ar\/?p=2125"},"modified":"2020-02-18T22:46:36","modified_gmt":"2020-02-19T01:46:36","slug":"quiero-justicia-por-mi-hijo-lo-mataron-a-traicion-dijo-la-madre-de-fernando-baez-sosa-ante-una-multitud-en-el-congreso","status":"publish","type":"post","link":"https:\/\/portalmovil.com.ar\/index.php\/2020\/02\/18\/quiero-justicia-por-mi-hijo-lo-mataron-a-traicion-dijo-la-madre-de-fernando-baez-sosa-ante-una-multitud-en-el-congreso\/","title":{"rendered":"\u201cQuiero justicia por mi hijo, lo mataron a traici\u00f3n\u201d, dijo la madre de Fern\u00e1ndo B\u00e1ez Sosa ante una multitud en el Congreso"},"content":{"rendered":"\n<p>Manifestantes, familiares y amigos de\u00a0<strong>Fernando B\u00e1ez Sosa<\/strong>, asesinado a golpes a la salida de un boliche en\u00a0Villa Gesell hace un mes, se concentraron frente al Congreso de la Naci\u00f3n en\u00a0<strong>reclamo de justicia<\/strong>.<\/p>\n\n\n\n<figure class=\"wp-block-image\"><img decoding=\"async\" src=\"https:\/\/viapais.com.ar\/files\/2020\/02\/20200218203527_41478420_0_body-768x512.jpg\" alt=\"Marcha en el Congreso a un mes del asesinato de Fernando B\u00e1ez Sosa. (Clar\u00edn)\"\/><\/figure>\n\n\n\n<p>El acto comenz\u00f3&nbsp;con la lectura de un discurso contra la violencia y por todas las v\u00edctimas de situaciones violentas.<\/p>\n\n\n\n<p>Muchos de los manifestantes sosten\u00edan&nbsp;banderas argentinas, carteles con la cara de Fernando y pancartas que dicen \u201c<strong>Todos con Fernando, la sociedad exige justicia<\/strong>\u201c.<\/p>\n\n\n\n<figure class=\"wp-block-image\"><img decoding=\"async\" src=\"https:\/\/viapais.com.ar\/files\/2020\/02\/20200218203528_41478422_0_body-768x512.jpg\" alt=\"Marcha en el Congreso a un mes del asesinato de Fernando B\u00e1ez Sosa. (Clar\u00edn)\"\/><\/figure>\n\n\n\n<p>Se comparti\u00f3 un video con fotos de Fernando y su mam\u00e1, Graciela, habl\u00f3 frente a los asistentes.<\/p>\n\n\n\n<p>\u201c<strong>Quiero justicia por mi hijo, lo que le hicieron es terrible, terrible, lo mataron a traici\u00f3n<\/strong>\u201c, dijo y agreg\u00f3:\u201d<strong>Quiero agradecer a todos por venir, mi vida no es f\u00e1cil. Pero con ustedes se va a hacer justicia por mi hijo<\/strong>\u201c. Mientras tanto los asistentes exclamaban \u201cperpetua, perpetua\u201d.<\/p>\n\n\n\n\n\n<p>\u201cLo que le hicieron es terrible, no lo dejaron defenderse, lo mataron a traici\u00f3n.&nbsp;<strong>Fernando amaba la vida y esto nos arruin\u00f3 la vida a mi, a mi esposo y a todos los que lo quer\u00edamos<\/strong>\u201c, agreg\u00f3.<\/p>\n\n\n\n<p>\u201cSe nos vino todo abajo, mi casa est\u00e1 vac\u00eda cuando me levanto.&nbsp;<strong>Tengo su cama tendida y s\u00e9 que no volver\u00e1<\/strong>\u201c, expres\u00f3 Sosa, muy emocionada.<\/p>\n\n\n\n<figure class=\"wp-block-image\"><img decoding=\"async\" src=\"https:\/\/viapais.com.ar\/files\/2020\/02\/20200219001526_41480966_0_body-768x512.jpg\" alt=\"(Foto: AP Photo\/Natacha Pisarenko)\"\/><\/figure>\n\n\n\n<p>\u201cFernando amaba a su novia, eran felices y ten\u00edan proyectos. \u00c9l est\u00e1 entre nosotros y nos da fuerza y Luz. Queremos que paguen lo que le hicieron\u201d, dijo en el escenario la madre de Fernando, acompa\u00f1ada por su marido<strong>&nbsp;Silvino B\u00e1ez<\/strong>.<\/p>\n\n\n\n<p>Tambi\u00e9n los abogados de la familia B\u00e1ez Sosa hablaron ante el p\u00fablico, mientras que el di\u00e1cono Miguel, de la comunidad marianista, invit\u00f3&nbsp;a rezar el Padre Nuestro y se dio inicio al Ave Mar\u00eda Luego, se comparti\u00f3 un video que mostr\u00f3 el proyecto solidario \u201cServir\u201d en el cual Fernando participaba con la comunidad de su colegio.<\/p>\n\n\n\n<figure class=\"wp-block-image\"><img decoding=\"async\" src=\"https:\/\/viapais.com.ar\/files\/2020\/02\/20200218203530_41478414_0_body-768x497.jpg\" alt=\"Marcha en el Congreso a un mes del asesinato de Fernando B\u00e1ez Sosa. (Clar\u00edn)\"\/><\/figure>\n\n\n\n<p>Para finalizar la jornada, los amigos y compa\u00f1eros de Fernando interpretaron una canci\u00f3n que cantaban junto al joven asesinado llamada&nbsp;<strong>\u201cEl misterioso drag\u00f3n<\/strong>\u201c, para dar cierre al acto.<\/p>\n\n\n\n<p>Por el crimen est\u00e1n imputados diez j\u00f3venes rugbiers, de los cuales ocho est\u00e1n como \u201ccoautores\u201d de un \u201chomicidio doblemente agravado por su comisi\u00f3n por alevos\u00eda y por el concurso premeditado de dos o m\u00e1s personas\u201d.<\/p>\n\n\n\n<figure class=\"wp-block-image\"><img decoding=\"async\" src=\"https:\/\/viapais.com.ar\/files\/2020\/02\/20200218203532_41478419_0_body-768x512.jpg\" alt=\"Marcha en el Congreso a un mes del asesinato de Fernando B\u00e1ez Sosa. (Clar\u00edn)\"\/><\/figure>\n\n\n\n<p>Si bien el Congreso Nacional fue epicentro de la convocatoria, hubo&nbsp;otras marchas en distintos puntos del interior del pa\u00eds e incluso en el exterior: en Mendoza (Plaza de la Independencia), Ushuaia (en el Paseo de las Rosas), en San Juan (Plaza 25 de mayo), Mercedes (provincia de Buenos Aires, plaza San Mart\u00edn), Barcelona (en la puerta del consultado argentino) y Londres (en la catedral de San Pablo).<\/p>\n\n\n\n<figure class=\"wp-block-image\"><img decoding=\"async\" src=\"https:\/\/viapais.com.ar\/files\/2020\/02\/20200218203534_41478418_0_body-768x512.jpg\" alt=\"Marcha en el Congreso a un mes del asesinato de Fernando B\u00e1ez Sosa. (Clar\u00edn)\"\/><\/figure>\n\n\n\n<p>En tanto, en Villa Gesell, el obispo de la Di\u00f3cesis de Mar del Plata, Gabriel Mestre, presidi\u00f3 una misa en el lugar donde mataron al joven, frente al local bailable Le Brique, para pedir por \u201csu eterno descanso\u201d y por \u201cjusticia\u201d.<\/p>\n\n\n\n<figure class=\"wp-block-image\"><img decoding=\"async\" src=\"https:\/\/viapais.com.ar\/files\/2020\/02\/20200218203535_41478413_0_body-768x509.jpg\" alt=\"Marcha en el Congreso a un mes del asesinato de Fernando B\u00e1ez Sosa. (Clar\u00edn)\"\/><\/figure>\n\n\n\n<p>La ceremonia religiosa se realiz\u00f3&nbsp;desde las 19 en Avenida 3 entre Buenos Aires y Paseo 102.<\/p>\n\n\n\n<p>El crimen de B\u00e1ez Sosa se cometi\u00f3 en la madrugada del s\u00e1bado 18 de enero pasado frente al boliche Le Brique ubicado sobre avenida 3 y el Paseo 102, en pleno centro de Villa Gesell, y ese mismo d\u00eda los diez rugbiers fueron detenidos en una casa que alquilaban a pocas cuadras de all\u00ed.<\/p>\n\n\n\n<p>La fiscal del caso,\u00a0Ver\u00f3nica Zamboni,\u00a0imput\u00f3 a los ocho rugbiers detenidos como coautores del asesinato. Mientras que\u00a0<strong>Alejo Milanesi y a Juan Pedro Guarino<\/strong>,\u00a0excarcelados la semana pasada, fueron\u00a0<strong>imputados como part\u00edcipes necesarios del homicidio.<\/strong><\/p>\n","protected":false},"excerpt":{"rendered":"<p>Manifestantes, familiares y amigos de\u00a0Fernando B\u00e1ez Sosa, asesinado a golpes a la salida de un boliche en\u00a0Villa Gesell hace un mes, se concentraron frente al Congreso de la Naci\u00f3n en\u00a0reclamo de justicia. El acto comenz\u00f3&nbsp;con la lectura de un discurso contra la violencia y por todas las v\u00edctimas de situaciones violentas. Muchos de los manifestantes &hellip;<\/p>\n","protected":false},"author":2,"featured_media":2127,"comment_status":"open","ping_status":"open","sticky":false,"template":"","format":"standard","meta":{"_jetpack_memberships_contains_paid_content":false,"footnotes":"","jetpack_publicize_message":"","jetpack_publicize_feature_enabled":true,"jetpack_social_post_already_shared":true,"jetpack_social_options":{"image_generator_settings":{"template":"highway","default_image_id":0,"font":"","enabled":false},"version":2}},"categories":[50,12],"tags":[],"class_list":["post-2125","post","type-post","status-publish","format-standard","has-post-thumbnail","hentry","category-judiciales","category-ultimo"],"jetpack_publicize_connections":[],"jetpack_featured_media_url":"https:\/\/portalmovil.com.ar\/wp-content\/uploads\/2020\/02\/afbc494e51489b2308f0796b75a39f5e.jpg","jetpack_sharing_enabled":true,"amp_enabled":true,"_links":{"self":[{"href":"https:\/\/portalmovil.com.ar\/index.php\/wp-json\/wp\/v2\/posts\/2125","targetHints":{"allow":["GET"]}}],"collection":[{"href":"https:\/\/portalmovil.com.ar\/index.php\/wp-json\/wp\/v2\/posts"}],"about":[{"href":"https:\/\/portalmovil.com.ar\/index.php\/wp-json\/wp\/v2\/types\/post"}],"author":[{"embeddable":true,"href":"https:\/\/portalmovil.com.ar\/index.php\/wp-json\/wp\/v2\/users\/2"}],"replies":[{"embeddable":true,"href":"https:\/\/portalmovil.com.ar\/index.php\/wp-json\/wp\/v2\/comments?post=2125"}],"version-history":[{"count":1,"href":"https:\/\/portalmovil.com.ar\/index.php\/wp-json\/wp\/v2\/posts\/2125\/revisions"}],"predecessor-version":[{"id":2128,"href":"https:\/\/portalmovil.com.ar\/index.php\/wp-json\/wp\/v2\/posts\/2125\/revisions\/2128"}],"wp:featuredmedia":[{"embeddable":true,"href":"https:\/\/portalmovil.com.ar\/index.php\/wp-json\/wp\/v2\/media\/2127"}],"wp:attachment":[{"href":"https:\/\/portalmovil.com.ar\/index.php\/wp-json\/wp\/v2\/media?parent=2125"}],"wp:term":[{"taxonomy":"category","embeddable":true,"href":"https:\/\/portalmovil.com.ar\/index.php\/wp-json\/wp\/v2\/categories?post=2125"},{"taxonomy":"post_tag","embeddable":true,"href":"https:\/\/portalmovil.com.ar\/index.php\/wp-json\/wp\/v2\/tags?post=2125"}],"curies":[{"name":"wp","href":"https:\/\/api.w.org\/{rel}","templated":true}]}}