{"id":2105,"date":"2020-02-18T16:54:38","date_gmt":"2020-02-18T19:54:38","guid":{"rendered":"http:\/\/portalmovil.com.ar\/?p=2105"},"modified":"2020-02-18T16:54:40","modified_gmt":"2020-02-18T19:54:40","slug":"more-rial-y-la-cifra-millonaria-por-la-que-demandara-a-la-bomba-tucumana","status":"publish","type":"post","link":"https:\/\/portalmovil.com.ar\/index.php\/2020\/02\/18\/more-rial-y-la-cifra-millonaria-por-la-que-demandara-a-la-bomba-tucumana\/","title":{"rendered":"More Rial y la cifra millonaria por la que demandar\u00e1 a \u201cLa Bomba Tucumana\u201d"},"content":{"rendered":"\n<p>Morena Rial iniciar\u00e1 una causa contra Gladys \u201cLa Bomba Tucumana\u201d por calumnias e injurias tras los dichos de la cantante en el programa \u201cIntrusos\u201d. Por la demanda, la hija del conductor pedir\u00e1 medio mill\u00f3n de pesos.<\/p>\n\n\n\n<p>En agosto del a\u00f1o pasado, Gladys hab\u00eda recordado en una entrevista con Jorge Rial los malos tragos que pas\u00f3 durante el Bailando 2017, debido a su enfrentamiento medi\u00e1tico con Mica Viciconte.<\/p>\n\n\n\n<p>\u201cSi hay alguien que sufri\u00f3 bullying en el Bailando, fui yo. No saben el da\u00f1o que puede hacer la gente que escribe cosas horrendas detr\u00e1s de una computadora. Yo le\u00eda porque no era de ese palo. Empanada, negra villera, sucia, pata sucia, ladrona, gorda, cerda, sos la mam\u00e1 de Morena Rial\u201d, hab\u00eda dicho.<\/p>\n\n\n\n<figure class=\"wp-block-embed-youtube wp-block-embed is-type-video is-provider-youtube wp-embed-aspect-16-9 wp-has-aspect-ratio\"><div class=\"wp-block-embed__wrapper\">\n<iframe loading=\"lazy\" title=\"&quot;Sos la mam\u00e1 de Morena Rial&quot;, la reacci\u00f3n de Jorge Rial tras los dichos de Gladys la bomba Tucumana\" width=\"500\" height=\"281\" src=\"https:\/\/www.youtube.com\/embed\/xag1bwANjPo?feature=oembed\" frameborder=\"0\" allow=\"accelerometer; autoplay; clipboard-write; encrypted-media; gyroscope; picture-in-picture; web-share\" referrerpolicy=\"strict-origin-when-cross-origin\" allowfullscreen><\/iframe>\n<\/div><\/figure>\n\n\n\n<p><strong>\u201cSi bien ya pas\u00f3 hace cinco meses, Morena no me hab\u00eda pedido la solicitud de demandar porque ten\u00edamos otras cuestiones judiciales y ahora que est\u00e1 m\u00e1s tranquila solicit\u00f3 accionar porque no tiene por qu\u00e9 tolerar semejante discriminaci\u00f3n<\/strong>\u201d, sostuvo&nbsp;Alejandro Cipolla, el abogado de la hija mayor de Jorge Rial,&nbsp;en declaraciones a \u201cEl Show del Espect\u00e1culo\u201d.<\/p>\n\n\n\n<p>Y avis\u00f3: \u201cAunque no hab\u00edamos hecho nada, no es que se la \u00edbamos a dejar pasar. Ella opt\u00f3&nbsp;por esperar un tiempo y la semana pasada me orden\u00f3 que iniciar\u00e1 las acciones legales por lo que pr\u00f3ximamente la voy a estar notificando, la voy a llevar a tribunales a los fines de que solicite disculpas y haga el resarcimiento econ\u00f3mico que corresponde:<strong>&nbsp;yo calculo que ser\u00e1 de medio mill\u00f3n de pesos\u201d.<\/strong><\/p>\n","protected":false},"excerpt":{"rendered":"<p>Morena Rial iniciar\u00e1 una causa contra Gladys \u201cLa Bomba Tucumana\u201d por calumnias e injurias tras los dichos de la cantante en el programa \u201cIntrusos\u201d. Por la demanda, la hija del conductor pedir\u00e1 medio mill\u00f3n de pesos. En agosto del a\u00f1o pasado, Gladys hab\u00eda recordado en una entrevista con Jorge Rial los malos tragos que pas\u00f3 &hellip;<\/p>\n","protected":false},"author":2,"featured_media":2106,"comment_status":"open","ping_status":"open","sticky":false,"template":"","format":"standard","meta":{"_jetpack_memberships_contains_paid_content":false,"footnotes":"","jetpack_publicize_message":"","jetpack_publicize_feature_enabled":true,"jetpack_social_post_already_shared":true,"jetpack_social_options":{"image_generator_settings":{"template":"highway","default_image_id":0,"font":"","enabled":false},"version":2}},"categories":[158],"tags":[],"class_list":["post-2105","post","type-post","status-publish","format-standard","has-post-thumbnail","hentry","category-espectaculos"],"jetpack_publicize_connections":[],"jetpack_featured_media_url":"https:\/\/portalmovil.com.ar\/wp-content\/uploads\/2020\/02\/0001062408.jpg","jetpack_sharing_enabled":true,"amp_enabled":true,"_links":{"self":[{"href":"https:\/\/portalmovil.com.ar\/index.php\/wp-json\/wp\/v2\/posts\/2105","targetHints":{"allow":["GET"]}}],"collection":[{"href":"https:\/\/portalmovil.com.ar\/index.php\/wp-json\/wp\/v2\/posts"}],"about":[{"href":"https:\/\/portalmovil.com.ar\/index.php\/wp-json\/wp\/v2\/types\/post"}],"author":[{"embeddable":true,"href":"https:\/\/portalmovil.com.ar\/index.php\/wp-json\/wp\/v2\/users\/2"}],"replies":[{"embeddable":true,"href":"https:\/\/portalmovil.com.ar\/index.php\/wp-json\/wp\/v2\/comments?post=2105"}],"version-history":[{"count":1,"href":"https:\/\/portalmovil.com.ar\/index.php\/wp-json\/wp\/v2\/posts\/2105\/revisions"}],"predecessor-version":[{"id":2107,"href":"https:\/\/portalmovil.com.ar\/index.php\/wp-json\/wp\/v2\/posts\/2105\/revisions\/2107"}],"wp:featuredmedia":[{"embeddable":true,"href":"https:\/\/portalmovil.com.ar\/index.php\/wp-json\/wp\/v2\/media\/2106"}],"wp:attachment":[{"href":"https:\/\/portalmovil.com.ar\/index.php\/wp-json\/wp\/v2\/media?parent=2105"}],"wp:term":[{"taxonomy":"category","embeddable":true,"href":"https:\/\/portalmovil.com.ar\/index.php\/wp-json\/wp\/v2\/categories?post=2105"},{"taxonomy":"post_tag","embeddable":true,"href":"https:\/\/portalmovil.com.ar\/index.php\/wp-json\/wp\/v2\/tags?post=2105"}],"curies":[{"name":"wp","href":"https:\/\/api.w.org\/{rel}","templated":true}]}}