{"id":21034,"date":"2021-02-19T09:07:43","date_gmt":"2021-02-19T12:07:43","guid":{"rendered":"https:\/\/portalmovil.com.ar\/?p=21034"},"modified":"2021-02-19T09:07:48","modified_gmt":"2021-02-19T12:07:48","slug":"el-gobierno-comenzo-a-delinear-detalles-del-comienzo-del-ciclo-lectivo-2021","status":"publish","type":"post","link":"https:\/\/portalmovil.com.ar\/index.php\/2021\/02\/19\/el-gobierno-comenzo-a-delinear-detalles-del-comienzo-del-ciclo-lectivo-2021\/","title":{"rendered":"El Gobierno comenz\u00f3 a delinear detalles del comienzo del ciclo lectivo 2021"},"content":{"rendered":"\n<p>El gobernador Jorge Capitanich y la ministra de Educaci\u00f3n, Cultura, Ciencia y Tecnolog\u00eda, Daniela Torrente, se reunieron con los miembros del Consejo de Educaci\u00f3n de la provincia para avanzar en la agenda de trabajo de cara al inicio del ciclo lectivo 2021 en el Chaco.<\/p>\n\n\n\n<p>Durante el encuentro, se realiz\u00f3 un relevamiento de los Consejos Escolares conformados de las instituciones y los que a\u00fan faltan conformar, para consolidar la participaci\u00f3n y la co gesti\u00f3n en las escuelas junto a los diversos sectores que componen la comunidad educativa. Los Consejos Escolares son organismos en los que participan los miembros de cada comunidad educativa (directivos, docentes, padres, estudiantes y ex estudiantes).<\/p>\n\n\n\n<p>En tanto que el Consejo de Educaci\u00f3n est\u00e1 integrado por miembros oficiales, representantes del Ministerio de Educaci\u00f3n, representantes de los y las docentes y de los no docentes, as\u00ed como de la comunidades biling\u00fces interculturales, de los estudiantes y de los padres.<\/p>\n\n\n\n<p>La ministra Torrente destac\u00f3 que \u201cCapitanich les ha otorgado a los integrantes del Consejo de Educaci\u00f3n la misi\u00f3n prioritaria de trabajar de manera inmediata en la organizaci\u00f3n de los Consejos Escolares\u201d, lo que se volver\u00e1 a analizar en una nueva asamblea de este organismo. \u201cEn no m\u00e1s de dos semanas nos estar\u00edamos reuniendo con el gobernador para mostrarle los avances y el plan de trabajo\u201d, sostuvo la funcionaria. Adem\u00e1s, se trataron posibles modificaciones a la normativa vigente y se definieron las pr\u00f3ximas acciones a seguir.<\/p>\n\n\n\n<p>Por su parte, la presidenta del Consejo de Educaci\u00f3n de la provincia, Claudia Fern\u00e1ndez, remarc\u00f3 que \u201cnuestro trabajo es proponer una normativa y plantearlo con el resto de los miembros para poder acompa\u00f1ar a las escuelas chaque\u00f1as que tienen Consejos Escolares; y a las que no, ayudarlas a conformarlos\u201d.<\/p>\n\n\n\n<p>Fern\u00e1ndez tambi\u00e9n agreg\u00f3 que el Consejo Escolar \u201cnecesita la sensibilizaci\u00f3n de toda la comunidad educativa. Esto no s\u00f3lo involucra a los docentes, sino a las organizaciones, a los directivos y a los padres. Estamos trabajando en la configuraci\u00f3n del trabajo y la presencialidad de nuestro organismo para acompa\u00f1ar las gestiones escolares\u201d.<\/p>\n\n\n\n<p>La provincia del Chaco cuenta con una reglamentaci\u00f3n que regula las finalidades, funciones y sentidos de la constituci\u00f3n de los Consejos Escolares de cada establecimiento. Estas normativas establecen que el Consejo de Educaci\u00f3n es el responsable de promocionar, acompa\u00f1ar y difundir la creaci\u00f3n de estos consejos en todo el territorio chaque\u00f1o.<\/p>\n","protected":false},"excerpt":{"rendered":"<p>El gobernador Jorge Capitanich y la ministra de Educaci\u00f3n, Cultura, Ciencia y Tecnolog\u00eda, Daniela Torrente, se reunieron con los miembros del Consejo de Educaci\u00f3n de la provincia para avanzar en la agenda de trabajo de cara al inicio del ciclo lectivo 2021 en el Chaco. Durante el encuentro, se realiz\u00f3 un relevamiento de los Consejos &hellip;<\/p>\n","protected":false},"author":2,"featured_media":21035,"comment_status":"open","ping_status":"open","sticky":false,"template":"","format":"standard","meta":{"_jetpack_memberships_contains_paid_content":false,"footnotes":"","jetpack_publicize_message":"","jetpack_publicize_feature_enabled":true,"jetpack_social_post_already_shared":true,"jetpack_social_options":{"image_generator_settings":{"template":"highway","default_image_id":0,"font":"","enabled":false},"version":2}},"categories":[5],"tags":[195],"class_list":["post-21034","post","type-post","status-publish","format-standard","has-post-thumbnail","hentry","category-chaco","tag-educacion-2"],"jetpack_publicize_connections":[],"jetpack_featured_media_url":"https:\/\/portalmovil.com.ar\/wp-content\/uploads\/2021\/02\/0a926ef6354a85237d8e00992948eb21.jpg","jetpack_sharing_enabled":true,"amp_enabled":true,"_links":{"self":[{"href":"https:\/\/portalmovil.com.ar\/index.php\/wp-json\/wp\/v2\/posts\/21034","targetHints":{"allow":["GET"]}}],"collection":[{"href":"https:\/\/portalmovil.com.ar\/index.php\/wp-json\/wp\/v2\/posts"}],"about":[{"href":"https:\/\/portalmovil.com.ar\/index.php\/wp-json\/wp\/v2\/types\/post"}],"author":[{"embeddable":true,"href":"https:\/\/portalmovil.com.ar\/index.php\/wp-json\/wp\/v2\/users\/2"}],"replies":[{"embeddable":true,"href":"https:\/\/portalmovil.com.ar\/index.php\/wp-json\/wp\/v2\/comments?post=21034"}],"version-history":[{"count":1,"href":"https:\/\/portalmovil.com.ar\/index.php\/wp-json\/wp\/v2\/posts\/21034\/revisions"}],"predecessor-version":[{"id":21036,"href":"https:\/\/portalmovil.com.ar\/index.php\/wp-json\/wp\/v2\/posts\/21034\/revisions\/21036"}],"wp:featuredmedia":[{"embeddable":true,"href":"https:\/\/portalmovil.com.ar\/index.php\/wp-json\/wp\/v2\/media\/21035"}],"wp:attachment":[{"href":"https:\/\/portalmovil.com.ar\/index.php\/wp-json\/wp\/v2\/media?parent=21034"}],"wp:term":[{"taxonomy":"category","embeddable":true,"href":"https:\/\/portalmovil.com.ar\/index.php\/wp-json\/wp\/v2\/categories?post=21034"},{"taxonomy":"post_tag","embeddable":true,"href":"https:\/\/portalmovil.com.ar\/index.php\/wp-json\/wp\/v2\/tags?post=21034"}],"curies":[{"name":"wp","href":"https:\/\/api.w.org\/{rel}","templated":true}]}}