{"id":21027,"date":"2021-02-18T20:56:59","date_gmt":"2021-02-18T23:56:59","guid":{"rendered":"https:\/\/portalmovil.com.ar\/?p=21027"},"modified":"2021-02-18T20:57:01","modified_gmt":"2021-02-18T23:57:01","slug":"un-jubilado-con-discapacidad-se-suicido-por-falta-de-respuestas-del-insssep","status":"publish","type":"post","link":"https:\/\/portalmovil.com.ar\/index.php\/2021\/02\/18\/un-jubilado-con-discapacidad-se-suicido-por-falta-de-respuestas-del-insssep\/","title":{"rendered":"Un jubilado con discapacidad se suicid\u00f3 por \u201cfalta de respuestas\u201d del INSSSEP"},"content":{"rendered":"\n<p>Un jubilado del Tribunal de Cuentas se ahorc\u00f3 ayer por \u201cfalta de respuestas\u201d a sus reclamos por parte de las autoridades del INSSSEP, seg\u00fan lo habr\u00eda advertido indirectamente a un grupo de WhatsApp. Se trata de Juan Carlos Rinesi, un se\u00f1or de 70 a\u00f1os domiciliado en la ciudad de Resistencia, quien se quit\u00f3 la vida ahorc\u00e1ndose con un cable del aire acondicionado en su hogar, ubicado en calle Fallucho 186 de Resistencia.<\/p>\n\n\n\n<p>De acuerdo con sus allegados del sector pasivo, el viernes 12, Rinesi se reuni\u00f3 con la secretaria de la vicepresidente del Instituto de Seguridad Social Seguros y Pr\u00e9stamos, Mabel Vi\u00f1a Simoncini, luego de que la funcionaria no accedi\u00f3 a atenderlo. Juan Carlos quer\u00eda plantearle \u201cla necesidad de una respuesta para el cobro de un reajuste establecido en el mes de agosto de a\u00f1o 2019\u201d.<\/p>\n\n\n\n<h2 class=\"wp-block-heading\"><strong>Las quejas y la desesperaci\u00f3n de Rinesi<\/strong><\/h2>\n\n\n\n<p>Previo a su dr\u00e1stica determinaci\u00f3n, luego de regresar del organismo provincial, el hombre coment\u00f3 el pasado viernes en el grupo de WhatsApp: \u201cestoy muy deprimido de tanta lucha y de no lograr ninguna respuesta de las autoridades del INSSSEP. Este viernes estuve nuevamente en el INSSSEP y me atendi\u00f3 la secretaria de la contadora Simoncini porque la vicepresidente no me dio audiencia\u201d.<\/p>\n\n\n\n<p>Asimismo, sigui\u00f3 \u201cla secretaria me dijo que todo estaba en orden y que pasaba la Actuaci\u00f3n Simple a la contadora Moises \u2026 a la cual concurrimos para que nos aclare los pasos que estaban dando\u2026 Nos dijo que vuelva el lunes (feriado) porque faltaba la Resoluci\u00f3n que autorice el pago\u2026 cosa que nosotros venimos reclamado y que hasta ahora nos vienen bicicleteando desde el a\u00f1o 2019\u2026\u201d<\/p>\n\n\n\n<p>Con respecto a la resoluci\u00f3n expres\u00f3 que \u201chaciendo la salvedad del caso\u2026 no descansaremos hasta que la Resoluci\u00f3n salga nuevamente del Directorio a efecto que nos liquiden lo que nos deben\u2026 que est\u00e1 especificado en la Ley N\u00ba 1663\u2026\u201d<\/p>\n\n\n\n<p>Haciendo referencia a su discapacidad motriz, el hombre manifest\u00f3 que no quer\u00eda que lo vean con distintos ojos debido a su condici\u00f3n: \u201caclaro adem\u00e1s y es para que\u00a0no me tengan lastima\u2026 vengo recorriendo en silla de ruedas los pasillos del INSSSEP\u2026 y que no voy a parar hasta que esto se cumpla\u2026 adem\u00e1s le comento y repito, no es para que me tengan lastima\u2026\u201d<\/p>\n\n\n\n<p>\u201cEn mi caso particular sufr\u00ed par\u00e1lisis infantil a los 6 a\u00f1os y ahora tengo 70 a\u00f1os y una enfermedad que es el mal de Parkinson\u2026 o sea que\u00a0soy una persona de alto riesgo\u2026 cosa que\u00a0no me va a impedir seguir luchando\u2026 no solo por mi\u2026 sino por todos los compa\u00f1eros jubilados que est\u00e1n en la misma situaci\u00f3n\u2026aunque, sinceramente, ya no me quedan fuerzas para seguir\u201d\u2026<\/p>\n\n\n\n<p>Escribi\u00f3 Juan Carlos Rinesi el viernes 12 de febrero, cansado de reclamar la liquidaci\u00f3n de los aumentos para los jubilados del Tribunal de Cuentas, asignado a los activos el 2019 y que no se hizo extensivo a los pasivos de dicho organismo.<\/p>\n\n\n\n<p>FUENTE INFORMATIVA: <a href=\"http:\/\/infoqom.com\/\">http:\/\/infoqom.com\/<\/a><\/p>\n","protected":false},"excerpt":{"rendered":"<p>Un jubilado del Tribunal de Cuentas se ahorc\u00f3 ayer por \u201cfalta de respuestas\u201d a sus reclamos por parte de las autoridades del INSSSEP, seg\u00fan lo habr\u00eda advertido indirectamente a un grupo de WhatsApp. Se trata de Juan Carlos Rinesi, un se\u00f1or de 70 a\u00f1os domiciliado en la ciudad de Resistencia, quien se quit\u00f3 la vida &hellip;<\/p>\n","protected":false},"author":2,"featured_media":21028,"comment_status":"open","ping_status":"open","sticky":false,"template":"","format":"standard","meta":{"_jetpack_memberships_contains_paid_content":false,"footnotes":"","jetpack_publicize_message":"","jetpack_publicize_feature_enabled":true,"jetpack_social_post_already_shared":true,"jetpack_social_options":{"image_generator_settings":{"template":"highway","default_image_id":0,"font":"","enabled":false},"version":2}},"categories":[5,8],"tags":[],"class_list":["post-21027","post","type-post","status-publish","format-standard","has-post-thumbnail","hentry","category-chaco","category-policiales"],"jetpack_publicize_connections":[],"jetpack_featured_media_url":"https:\/\/portalmovil.com.ar\/wp-content\/uploads\/2021\/02\/hombre-en-silla-de-ruedas-se-suicido.-1jpg-752x440-1.jpg","jetpack_sharing_enabled":true,"amp_enabled":true,"_links":{"self":[{"href":"https:\/\/portalmovil.com.ar\/index.php\/wp-json\/wp\/v2\/posts\/21027","targetHints":{"allow":["GET"]}}],"collection":[{"href":"https:\/\/portalmovil.com.ar\/index.php\/wp-json\/wp\/v2\/posts"}],"about":[{"href":"https:\/\/portalmovil.com.ar\/index.php\/wp-json\/wp\/v2\/types\/post"}],"author":[{"embeddable":true,"href":"https:\/\/portalmovil.com.ar\/index.php\/wp-json\/wp\/v2\/users\/2"}],"replies":[{"embeddable":true,"href":"https:\/\/portalmovil.com.ar\/index.php\/wp-json\/wp\/v2\/comments?post=21027"}],"version-history":[{"count":1,"href":"https:\/\/portalmovil.com.ar\/index.php\/wp-json\/wp\/v2\/posts\/21027\/revisions"}],"predecessor-version":[{"id":21029,"href":"https:\/\/portalmovil.com.ar\/index.php\/wp-json\/wp\/v2\/posts\/21027\/revisions\/21029"}],"wp:featuredmedia":[{"embeddable":true,"href":"https:\/\/portalmovil.com.ar\/index.php\/wp-json\/wp\/v2\/media\/21028"}],"wp:attachment":[{"href":"https:\/\/portalmovil.com.ar\/index.php\/wp-json\/wp\/v2\/media?parent=21027"}],"wp:term":[{"taxonomy":"category","embeddable":true,"href":"https:\/\/portalmovil.com.ar\/index.php\/wp-json\/wp\/v2\/categories?post=21027"},{"taxonomy":"post_tag","embeddable":true,"href":"https:\/\/portalmovil.com.ar\/index.php\/wp-json\/wp\/v2\/tags?post=21027"}],"curies":[{"name":"wp","href":"https:\/\/api.w.org\/{rel}","templated":true}]}}