{"id":20800,"date":"2021-02-15T01:27:55","date_gmt":"2021-02-15T04:27:55","guid":{"rendered":"https:\/\/portalmovil.com.ar\/?p=20800"},"modified":"2021-02-15T01:27:58","modified_gmt":"2021-02-15T04:27:58","slug":"niunamenos-convoca-a-una-marcha-en-repudio-al-femicidio-de-ursula","status":"publish","type":"post","link":"https:\/\/portalmovil.com.ar\/index.php\/2021\/02\/15\/niunamenos-convoca-a-una-marcha-en-repudio-al-femicidio-de-ursula\/","title":{"rendered":"NiUnaMenos convoca a una marcha en repudio al femicidio de \u00darsula"},"content":{"rendered":"\n<p>Este 17 de febrero la organizaci\u00f3n Mujeres de la Matria Latinoamericana marchar\u00e1 en todo el pa\u00eds por el femicidio de \u00darsula.\u00a0\u201cTambi\u00e9n marchamos por todas las v\u00edctimas de violencia machista, exigiendo al Gobierno Nacional la declaraci\u00f3n de #EmergenciaNiUnaMenos para pasar de los discursos a la inversi\u00f3n p\u00fablica acorde a la dimensi\u00f3n de la problem\u00e1tica con medidas concretas\u201d, expresa Paula Ojeda, coordinadora de Mumala Chaco.<\/p>\n\n\n\n<h2 class=\"wp-block-heading\"><strong>\u201c\u00darsula, realiz\u00f3 denuncias previas a su atacante y se encontraba amenazada de muerte. Sin embargo la desidia policial y judicial una vez m\u00e1s dieron lugar al femicida para moverse c\u00f3modamente, violentar y luego matar una mujer con total impunidad\u201d<\/strong>, expresa.<\/h2>\n\n\n\n<p>\u201cSu familia y amigos protestaron frente a la comisar\u00eda y fueron brutalmente reprimidos por la polic\u00eda bonaerense.\u00a0Su femicidio es uno de entre los muchos otros que ocurren en manos de polic\u00edas con armas reglamentarias\u201d, contin\u00faa.<\/p>\n\n\n\n<p>De acuerdo al \u00faltimo informe del Observatorio MuMaLa,\u00a0el 12% de los femicidios al 31 de enero de este a\u00f1o, fueron cometidos por miembros de fuerzas de seguridad, en actividad o retirados.\u00a0Adem\u00e1s, el 20% de las v\u00edctimas de femicidios hab\u00edan realizado denuncias previas.<\/p>\n\n\n\n<p>\u201cEstamos hartas, exigimos justicia por Ursula y todxa las v\u00edctimas de femicidio y trans travesticidios.&nbsp;<strong>El Estado es responsable de tomar medidas concretas por una vida libre de violencias\u201d<\/strong>, finaliza Ojeda.<\/p>\n\n\n\n<h3 class=\"wp-block-heading\"><strong>La organizaci\u00f3n se movilizar\u00e1 exigiendo los siguientes puntos:<\/strong><\/h3>\n\n\n\n<ul class=\"wp-block-list\"><li>Articulaci\u00f3n entre los tres poderes y niveles del Estado.<\/li><li>Monitoreo y seguimiento de los instrumentos e instituciones que debe garantizar acceso a la Justicia del Poder Ejecutivo y Judicial.<\/li><li>Implementaci\u00f3n y seguimiento de los protocolos al interior de las fuerzas de seguridad ante situaciones de violencia de genero ejercida por sus agentes.<\/li><li>Registro \u00danico de Situaciones de Violencia de G\u00e9nero. Recurso \u00fanico de causas por violencia de g\u00e9nero.<\/li><li>Inversi\u00f3n en dispositivos electr\u00f3nicos para agresores.<\/li><li>Asistencia econ\u00f3mica para personas en situaci\u00f3n de violencia de g\u00e9nero y organizaciones que acompa\u00f1an en territorio.<\/li><li>Fortalecimiento de Estados provinciales, municipales , comunales<\/li><li>Implementaci\u00f3n y monitoreo de la Ley Micaela y Educaci\u00f3n Sexual Integral<\/li><\/ul>\n","protected":false},"excerpt":{"rendered":"<p>Este 17 de febrero la organizaci\u00f3n Mujeres de la Matria Latinoamericana marchar\u00e1 en todo el pa\u00eds por el femicidio de \u00darsula.\u00a0\u201cTambi\u00e9n marchamos por todas las v\u00edctimas de violencia machista, exigiendo al Gobierno Nacional la declaraci\u00f3n de #EmergenciaNiUnaMenos para pasar de los discursos a la inversi\u00f3n p\u00fablica acorde a la dimensi\u00f3n de la problem\u00e1tica con medidas &hellip;<\/p>\n","protected":false},"author":2,"featured_media":20801,"comment_status":"open","ping_status":"open","sticky":false,"template":"","format":"standard","meta":{"_jetpack_memberships_contains_paid_content":false,"footnotes":"","jetpack_publicize_message":"","jetpack_publicize_feature_enabled":true,"jetpack_social_post_already_shared":true,"jetpack_social_options":{"image_generator_settings":{"template":"highway","default_image_id":0,"font":"","enabled":false},"version":2}},"categories":[50],"tags":[],"class_list":["post-20800","post","type-post","status-publish","format-standard","has-post-thumbnail","hentry","category-judiciales"],"jetpack_publicize_connections":[],"jetpack_featured_media_url":"https:\/\/portalmovil.com.ar\/wp-content\/uploads\/2021\/02\/organizaciones-marcharon-hoy-la-plata-exigir-justicia-ursula.jpg","jetpack_sharing_enabled":true,"amp_enabled":true,"_links":{"self":[{"href":"https:\/\/portalmovil.com.ar\/index.php\/wp-json\/wp\/v2\/posts\/20800","targetHints":{"allow":["GET"]}}],"collection":[{"href":"https:\/\/portalmovil.com.ar\/index.php\/wp-json\/wp\/v2\/posts"}],"about":[{"href":"https:\/\/portalmovil.com.ar\/index.php\/wp-json\/wp\/v2\/types\/post"}],"author":[{"embeddable":true,"href":"https:\/\/portalmovil.com.ar\/index.php\/wp-json\/wp\/v2\/users\/2"}],"replies":[{"embeddable":true,"href":"https:\/\/portalmovil.com.ar\/index.php\/wp-json\/wp\/v2\/comments?post=20800"}],"version-history":[{"count":1,"href":"https:\/\/portalmovil.com.ar\/index.php\/wp-json\/wp\/v2\/posts\/20800\/revisions"}],"predecessor-version":[{"id":20802,"href":"https:\/\/portalmovil.com.ar\/index.php\/wp-json\/wp\/v2\/posts\/20800\/revisions\/20802"}],"wp:featuredmedia":[{"embeddable":true,"href":"https:\/\/portalmovil.com.ar\/index.php\/wp-json\/wp\/v2\/media\/20801"}],"wp:attachment":[{"href":"https:\/\/portalmovil.com.ar\/index.php\/wp-json\/wp\/v2\/media?parent=20800"}],"wp:term":[{"taxonomy":"category","embeddable":true,"href":"https:\/\/portalmovil.com.ar\/index.php\/wp-json\/wp\/v2\/categories?post=20800"},{"taxonomy":"post_tag","embeddable":true,"href":"https:\/\/portalmovil.com.ar\/index.php\/wp-json\/wp\/v2\/tags?post=20800"}],"curies":[{"name":"wp","href":"https:\/\/api.w.org\/{rel}","templated":true}]}}