{"id":20695,"date":"2021-02-12T15:49:19","date_gmt":"2021-02-12T18:49:19","guid":{"rendered":"https:\/\/portalmovil.com.ar\/?p=20695"},"modified":"2021-02-12T15:49:25","modified_gmt":"2021-02-12T18:49:25","slug":"el-municipio-de-resistencia-ejecuta-bacheo-en-av-belgrano-para-mejorar-la-circulacion-vial","status":"publish","type":"post","link":"https:\/\/portalmovil.com.ar\/index.php\/2021\/02\/12\/el-municipio-de-resistencia-ejecuta-bacheo-en-av-belgrano-para-mejorar-la-circulacion-vial\/","title":{"rendered":"El Municipio de Resistencia ejecuta bacheo en Av. Belgrano para mejorar la circulaci\u00f3n vial"},"content":{"rendered":"\n<p>En avenida Belgrano, del 0 al 100, la Ciudad de Resistencia avanza con la reparaci\u00f3n de cuatro baches para mejorar la transitabilidad de esta arteria fundamental para la circulaci\u00f3n vial. Esta labor es parte de una planificaci\u00f3n del programa de bacheo enmarcado en el Plan Eco Ciudad, y hasta la fecha lleva m\u00e1s de 700 intervenciones.<\/p>\n\n\n\n<p>El secretario de Servicios P\u00fablicos de la Ciudad, Claudio Westtein, supervis\u00f3 los trabajos que se desarrollan en este lugar y coment\u00f3: \u201cSon acciones muy importantes porque estamos resolviendo problem\u00e1ticas hist\u00f3ricas que Resistencia tiene por estos baches\u201d.<\/p>\n\n\n\n<p>Inform\u00f3 que dentro de este plan de bacheo se encuentran superando las 700 intervenciones, lo que hace a mejorar la transitabilidad, con el objetivo de llegar a arreglar en un 100% los baches que tiene la Ciudad.<\/p>\n\n\n\n<p>Cont\u00f3 adem\u00e1s que para estas acciones se trabaja con dos equipos en simult\u00e1neo en diversas zonas para que este programa se pueda consolidar y de esta manera sanear toda la estructura existente, para mejorar las arterias pavimentadas.<\/p>\n\n\n\n<p>El subsecretario de Infraestructura y Equipamiento Urbano comunal, Marcos Pereyra, detall\u00f3 que para la reparaci\u00f3n de estos cuatro baches trabaja un equipo de 12 operarios con las maquinarias correspondientes entre las que cit\u00f3 una bobcat y un cami\u00f3n.<\/p>\n\n\n\n<p>Por su parte, el director general de Pavimento y Conservaci\u00f3n de la Ciudad, Fabi\u00e1n Bravo, aport\u00f3: \u201cSon trabajos que dan continuidad a la planificaci\u00f3n establecida por el intendente Gustavo Mart\u00ednez, en el marco del Plan Eco Ciudad\u201d. Record\u00f3 que este programa de bacheo se implementa en el micro y macrocentro y tambi\u00e9n en simult\u00e1neo en distintos sectores puntuales en barrios\u201d.<\/p>\n\n\n\n<p>Explic\u00f3 que en este lugar uno de los baches era muy pronunciado, de alrededor de 30 cent\u00edmetros, lo que provocaba un golpe fuerte para los autos\u201d y que \u201clo que se hace primero es un encuadre del lugar del bache, luego una demolici\u00f3n y verificaci\u00f3n del suelo, para luego avanzar con el arreglo del mismo\u201d.<\/p>\n","protected":false},"excerpt":{"rendered":"<p>En avenida Belgrano, del 0 al 100, la Ciudad de Resistencia avanza con la reparaci\u00f3n de cuatro baches para mejorar la transitabilidad de esta arteria fundamental para la circulaci\u00f3n vial. Esta labor es parte de una planificaci\u00f3n del programa de bacheo enmarcado en el Plan Eco Ciudad, y hasta la fecha lleva m\u00e1s de 700 &hellip;<\/p>\n","protected":false},"author":2,"featured_media":20696,"comment_status":"open","ping_status":"open","sticky":false,"template":"","format":"standard","meta":{"_jetpack_memberships_contains_paid_content":false,"footnotes":"","jetpack_publicize_message":"","jetpack_publicize_feature_enabled":true,"jetpack_social_post_already_shared":true,"jetpack_social_options":{"image_generator_settings":{"template":"highway","default_image_id":0,"font":"","enabled":false},"version":2}},"categories":[37],"tags":[],"class_list":["post-20695","post","type-post","status-publish","format-standard","has-post-thumbnail","hentry","category-resistencia"],"jetpack_publicize_connections":[],"jetpack_featured_media_url":"https:\/\/portalmovil.com.ar\/wp-content\/uploads\/2021\/02\/belgranozzz-696x522-1.jpg","jetpack_sharing_enabled":true,"amp_enabled":true,"_links":{"self":[{"href":"https:\/\/portalmovil.com.ar\/index.php\/wp-json\/wp\/v2\/posts\/20695","targetHints":{"allow":["GET"]}}],"collection":[{"href":"https:\/\/portalmovil.com.ar\/index.php\/wp-json\/wp\/v2\/posts"}],"about":[{"href":"https:\/\/portalmovil.com.ar\/index.php\/wp-json\/wp\/v2\/types\/post"}],"author":[{"embeddable":true,"href":"https:\/\/portalmovil.com.ar\/index.php\/wp-json\/wp\/v2\/users\/2"}],"replies":[{"embeddable":true,"href":"https:\/\/portalmovil.com.ar\/index.php\/wp-json\/wp\/v2\/comments?post=20695"}],"version-history":[{"count":1,"href":"https:\/\/portalmovil.com.ar\/index.php\/wp-json\/wp\/v2\/posts\/20695\/revisions"}],"predecessor-version":[{"id":20697,"href":"https:\/\/portalmovil.com.ar\/index.php\/wp-json\/wp\/v2\/posts\/20695\/revisions\/20697"}],"wp:featuredmedia":[{"embeddable":true,"href":"https:\/\/portalmovil.com.ar\/index.php\/wp-json\/wp\/v2\/media\/20696"}],"wp:attachment":[{"href":"https:\/\/portalmovil.com.ar\/index.php\/wp-json\/wp\/v2\/media?parent=20695"}],"wp:term":[{"taxonomy":"category","embeddable":true,"href":"https:\/\/portalmovil.com.ar\/index.php\/wp-json\/wp\/v2\/categories?post=20695"},{"taxonomy":"post_tag","embeddable":true,"href":"https:\/\/portalmovil.com.ar\/index.php\/wp-json\/wp\/v2\/tags?post=20695"}],"curies":[{"name":"wp","href":"https:\/\/api.w.org\/{rel}","templated":true}]}}