{"id":20676,"date":"2021-02-12T10:14:02","date_gmt":"2021-02-12T13:14:02","guid":{"rendered":"https:\/\/portalmovil.com.ar\/?p=20676"},"modified":"2021-02-12T10:14:04","modified_gmt":"2021-02-12T13:14:04","slug":"aprobaron-transferencia-de-1-400-millones-de-anses-al-sistema-previsional-chaqueno","status":"publish","type":"post","link":"https:\/\/portalmovil.com.ar\/index.php\/2021\/02\/12\/aprobaron-transferencia-de-1-400-millones-de-anses-al-sistema-previsional-chaqueno\/","title":{"rendered":"Aprobaron transferencia de $1.400 millones de Anses al sistema previsional chaque\u00f1o"},"content":{"rendered":"\n<p>La C\u00e1mara de Diputados ratific\u00f3 este jueves, a trav\u00e9s de la Ley 3334-A, el acta-acuerdo firmada por la Provincia y Anses a fines de 2020, as\u00ed como tambi\u00e9n el convenio bilateral que garantiza la transferencia de $1.400 millones para el Chaco en concepto de anticipo de fondos previsionales. &nbsp;<\/p>\n\n\n\n<p>\u201cEn noviembre del a\u00f1o pasado, la Provincia solicit\u00f3 a la Anses la aplicaci\u00f3n del r\u00e9gimen de asistencia financiera que la Naci\u00f3n presta a los distritos cuyos sistemas previsionales no fueron transferidos al Estado nacional\u201d, explic\u00f3 el presidente del Cuerpo, Hugo Sager. As\u00ed, record\u00f3 que \u201cen concreto, se trata de un anticipo de $1.400 millones para hacer frente al d\u00e9ficit previsional provocado por la emergencia econ\u00f3mica y agravado por la crisis sanitaria, de la que los sectores m\u00e1s vulnerables de la poblaci\u00f3n son las principales v\u00edctimas\u201d.<\/p>\n\n\n\n<p>Precis\u00f3 que el pedido fue refrendado por el gobernador Jorge Capitanich y la directora ejecutiva de la Administraci\u00f3n Nacional de la Seguridad Social, Fernanda Raverta, a trav\u00e9s de un acta-acuerdo y de un convenio bilateral, enmarcados en el cumplimiento de la Ley de Reparaci\u00f3n Hist\u00f3rica (Ley 27.260) y el Consenso Fiscal firmado por gobernadores y el Ejecutivo nacional (Ley 27.429). Ambos instrumentos legales requer\u00edan la aprobaci\u00f3n de la Legislatura provincial. &nbsp;<\/p>\n\n\n\n<p>Sager record\u00f3 que la transferencia antes mencionada es un anticipo correspondiente a 2020 calculado por Anses, a cuenta del resultado definitivo de ese per\u00edodo, por lo que se estableci\u00f3 el compromiso rec\u00edproco de determinar los resultados definitivos del sistema previsional chaque\u00f1o de 2017, 2018, 2019 y 2020.&nbsp;<\/p>\n\n\n\n<p>\u201cSi bien en la semana surgieron algunas pol\u00e9micas respecto a una supuesta intenci\u00f3n de transferir el InSSSeP a Naci\u00f3n, o de armonizaci\u00f3n del sistema previsional, es necesario aclarar que en 2009 esta Legislatura aprob\u00f3 una enmienda constitucional que proh\u00edbe dicha transferencia, por lo que los aportes de los trabajadores y las trabajadoras chaque\u00f1as siguen siendo de la Provincia, y se garantiza el 82 por ciento m\u00f3vil\u201d, subray\u00f3.<\/p>\n","protected":false},"excerpt":{"rendered":"<p>La C\u00e1mara de Diputados ratific\u00f3 este jueves, a trav\u00e9s de la Ley 3334-A, el acta-acuerdo firmada por la Provincia y Anses a fines de 2020, as\u00ed como tambi\u00e9n el convenio bilateral que garantiza la transferencia de $1.400 millones para el Chaco en concepto de anticipo de fondos previsionales. &nbsp; \u201cEn noviembre del a\u00f1o pasado, la &hellip;<\/p>\n","protected":false},"author":2,"featured_media":20677,"comment_status":"open","ping_status":"open","sticky":false,"template":"","format":"standard","meta":{"_jetpack_memberships_contains_paid_content":false,"footnotes":"","jetpack_publicize_message":"","jetpack_publicize_feature_enabled":true,"jetpack_social_post_already_shared":true,"jetpack_social_options":{"image_generator_settings":{"template":"highway","default_image_id":0,"font":"","enabled":false},"version":2}},"categories":[5,175],"tags":[],"class_list":["post-20676","post","type-post","status-publish","format-standard","has-post-thumbnail","hentry","category-chaco","category-economia"],"jetpack_publicize_connections":[],"jetpack_featured_media_url":"https:\/\/portalmovil.com.ar\/wp-content\/uploads\/2021\/02\/multimedia.normal.88d9fbe874260413.4453435f373033365f6e6f726d616c2e6a7067.jpg","jetpack_sharing_enabled":true,"amp_enabled":true,"_links":{"self":[{"href":"https:\/\/portalmovil.com.ar\/index.php\/wp-json\/wp\/v2\/posts\/20676","targetHints":{"allow":["GET"]}}],"collection":[{"href":"https:\/\/portalmovil.com.ar\/index.php\/wp-json\/wp\/v2\/posts"}],"about":[{"href":"https:\/\/portalmovil.com.ar\/index.php\/wp-json\/wp\/v2\/types\/post"}],"author":[{"embeddable":true,"href":"https:\/\/portalmovil.com.ar\/index.php\/wp-json\/wp\/v2\/users\/2"}],"replies":[{"embeddable":true,"href":"https:\/\/portalmovil.com.ar\/index.php\/wp-json\/wp\/v2\/comments?post=20676"}],"version-history":[{"count":1,"href":"https:\/\/portalmovil.com.ar\/index.php\/wp-json\/wp\/v2\/posts\/20676\/revisions"}],"predecessor-version":[{"id":20678,"href":"https:\/\/portalmovil.com.ar\/index.php\/wp-json\/wp\/v2\/posts\/20676\/revisions\/20678"}],"wp:featuredmedia":[{"embeddable":true,"href":"https:\/\/portalmovil.com.ar\/index.php\/wp-json\/wp\/v2\/media\/20677"}],"wp:attachment":[{"href":"https:\/\/portalmovil.com.ar\/index.php\/wp-json\/wp\/v2\/media?parent=20676"}],"wp:term":[{"taxonomy":"category","embeddable":true,"href":"https:\/\/portalmovil.com.ar\/index.php\/wp-json\/wp\/v2\/categories?post=20676"},{"taxonomy":"post_tag","embeddable":true,"href":"https:\/\/portalmovil.com.ar\/index.php\/wp-json\/wp\/v2\/tags?post=20676"}],"curies":[{"name":"wp","href":"https:\/\/api.w.org\/{rel}","templated":true}]}}