{"id":2066,"date":"2020-02-17T23:47:26","date_gmt":"2020-02-18T02:47:26","guid":{"rendered":"http:\/\/portalmovil.com.ar\/?p=2066"},"modified":"2020-02-17T23:47:34","modified_gmt":"2020-02-18T02:47:34","slug":"belen-francese-anuncio-que-se-casara-con-su-novio-empresario-y-dio-detalles-de-la-fiesta","status":"publish","type":"post","link":"https:\/\/portalmovil.com.ar\/index.php\/2020\/02\/17\/belen-francese-anuncio-que-se-casara-con-su-novio-empresario-y-dio-detalles-de-la-fiesta\/","title":{"rendered":"Bel\u00e9n Francese anunci\u00f3 que se casar\u00e1 con su novio empresario, y dio detalles de la fiesta"},"content":{"rendered":"\n<p>A trav\u00e9s de una entrevista,<strong>\u00a0Bel\u00e9n Francese<\/strong>\u00a0confes\u00f3 que luego de una relaci\u00f3n de noviazgo, dar\u00e1 el \u201cs\u00ed\u201d con su novio Fabi\u00e1n Lencinas. La modelo dio detalles de los preparativos que ya tienen para el casamiento que se realizar\u00e1 tanto en Buenos Aires como tambi\u00e9n en la provincia de Mendoza, donde \u00e9l vivi\u00f3 y radica su familia.<\/p>\n\n\n\n<p>\u201c<strong>Con Fabi\u00e1n ya empezamos a preparar nuestra boda\u201d<\/strong>, anunci\u00f3 la protagonista de \u201c\u00c9l en mi cuerpo\u201d, la obra que encabeza junto a Nazarena V\u00e9lez, en di\u00e1logo con Revista Pronto.<\/p>\n\n\n\n<p>Adem\u00e1s, en el medio de la nota que le hicieron desde el medio, Bel\u00e9n record\u00f3<strong>&nbsp;cuando cumplieron tres meses, \u00e9l le propuso le propuso matrimonio por primera vez<\/strong>: se tatu\u00f3 su nombre, se arrodill\u00f3 y le regal\u00f3 un anillo. Pero en ese momento, ella&nbsp;le dijo que no. \u201cMe asust\u00e9\u201d, reconoci\u00f3.<\/p>\n\n\n\n<figure class=\"wp-block-image\"><img decoding=\"async\" src=\"https:\/\/viapais.com.ar\/files\/2020\/02\/20200218013356_41468226_0_body-768x960.jpg\" alt=\"Bel\u00e9n Francese anunci\u00f3 que se casar\u00e1 con su novio empresario y dio detalles de la fiesta\"\/><\/figure>\n\n\n\n<p>Por su parte, Lencinas tiene 47 a\u00f1os, es empresario, organizador de torneos de golf por Latinoam\u00e9rica y oriundo de Mendoza capital. Teniendo en cuenta este detalle, los novios har\u00e1n una gran celebraci\u00f3n en esa provincia.&nbsp;<strong>\u201cVa a haber un civil tranquilo en Buenos Aires. Y har\u00e9 una megafiesta de casamiento en Mendoza, en una bodega\u201d,<\/strong>&nbsp;cont\u00f3 en di\u00e1logo con Los Andes.<\/p>\n\n\n\n<figure class=\"wp-block-image\"><img decoding=\"async\" src=\"https:\/\/viapais.com.ar\/files\/2020\/02\/20200218013358_41468225_0_body-768x770.jpg\" alt=\"Bel\u00e9n Francese anunci\u00f3 que se casar\u00e1 con su novio empresario y dio detalles de la fiesta\"\/><\/figure>\n\n\n\n<p>A si vez, sostuvo que alguno de los invitados famosos ser\u00e1n: \u201c<strong>Moria Cas\u00e1n, Marley, \u00c1ngel de Brito\u2026 Tengo una lista tremenda.<\/strong>&nbsp;Algunos no podr\u00e1n venir a la fiesta, por eso hago el civil en Buenos Aires. Va a estar<strong>&nbsp;Marley. Casi entro con \u00e9l a la iglesia, pero mi hermano mayor me hizo una escena de celos tremenda\u201d, detall\u00f3.<\/strong><\/p>\n\n\n\n<figure class=\"wp-block-image\"><img decoding=\"async\" src=\"https:\/\/viapais.com.ar\/files\/2020\/02\/20200218013400_41468222_0_body-768x960.jpg\" alt=\"Bel\u00e9n Francese anunci\u00f3 que se casar\u00e1 con su novio empresario y dio detalles de la fiesta\"\/><\/figure>\n\n\n\n<p>En este marco agreg\u00f3:&nbsp;\u201cPara el civil tengo una dise\u00f1adora, pero no la voy a nombrar. Es una genia, que ni bien se enter\u00f3 me escribi\u00f3 para hacerme el vestido. Y despu\u00e9s tengo un problema, porque trabaj\u00e9 un tiempo en La jaula de la moda y tengo varios dise\u00f1adores que me quieren hacer el vestido. As\u00ed que no descarto un cambio en la fiesta\u201d, concluy\u00f3.<\/p>\n\n\n\n<figure class=\"wp-block-image\"><img decoding=\"async\" src=\"https:\/\/viapais.com.ar\/files\/2020\/02\/20200218013401_41468224_0_body-768x959.jpg\" alt=\"Bel\u00e9n Francese anunci\u00f3 que se casar\u00e1 con su novio empresario y dio detalles de la fiesta\"\/><\/figure>\n\n\n\n<figure class=\"wp-block-image\"><img decoding=\"async\" src=\"https:\/\/viapais.com.ar\/files\/2020\/02\/20200218013403_41468223_0_body-768x768.jpg\" alt=\"Bel\u00e9n Francese anunci\u00f3 que se casar\u00e1 con su novio empresario y dio detalles de la fiesta\"\/><\/figure>\n","protected":false},"excerpt":{"rendered":"<p>A trav\u00e9s de una entrevista,\u00a0Bel\u00e9n Francese\u00a0confes\u00f3 que luego de una relaci\u00f3n de noviazgo, dar\u00e1 el \u201cs\u00ed\u201d con su novio Fabi\u00e1n Lencinas. La modelo dio detalles de los preparativos que ya tienen para el casamiento que se realizar\u00e1 tanto en Buenos Aires como tambi\u00e9n en la provincia de Mendoza, donde \u00e9l vivi\u00f3 y radica su familia. &hellip;<\/p>\n","protected":false},"author":2,"featured_media":2067,"comment_status":"open","ping_status":"open","sticky":false,"template":"","format":"standard","meta":{"_jetpack_memberships_contains_paid_content":false,"footnotes":"","jetpack_publicize_message":"","jetpack_publicize_feature_enabled":true,"jetpack_social_post_already_shared":true,"jetpack_social_options":{"image_generator_settings":{"template":"highway","default_image_id":0,"font":"","enabled":false},"version":2}},"categories":[158],"tags":[],"class_list":["post-2066","post","type-post","status-publish","format-standard","has-post-thumbnail","hentry","category-espectaculos"],"jetpack_publicize_connections":[],"jetpack_featured_media_url":"https:\/\/portalmovil.com.ar\/wp-content\/uploads\/2020\/02\/20200104000643_40802368_0_body.jpg","jetpack_sharing_enabled":true,"amp_enabled":true,"_links":{"self":[{"href":"https:\/\/portalmovil.com.ar\/index.php\/wp-json\/wp\/v2\/posts\/2066","targetHints":{"allow":["GET"]}}],"collection":[{"href":"https:\/\/portalmovil.com.ar\/index.php\/wp-json\/wp\/v2\/posts"}],"about":[{"href":"https:\/\/portalmovil.com.ar\/index.php\/wp-json\/wp\/v2\/types\/post"}],"author":[{"embeddable":true,"href":"https:\/\/portalmovil.com.ar\/index.php\/wp-json\/wp\/v2\/users\/2"}],"replies":[{"embeddable":true,"href":"https:\/\/portalmovil.com.ar\/index.php\/wp-json\/wp\/v2\/comments?post=2066"}],"version-history":[{"count":1,"href":"https:\/\/portalmovil.com.ar\/index.php\/wp-json\/wp\/v2\/posts\/2066\/revisions"}],"predecessor-version":[{"id":2068,"href":"https:\/\/portalmovil.com.ar\/index.php\/wp-json\/wp\/v2\/posts\/2066\/revisions\/2068"}],"wp:featuredmedia":[{"embeddable":true,"href":"https:\/\/portalmovil.com.ar\/index.php\/wp-json\/wp\/v2\/media\/2067"}],"wp:attachment":[{"href":"https:\/\/portalmovil.com.ar\/index.php\/wp-json\/wp\/v2\/media?parent=2066"}],"wp:term":[{"taxonomy":"category","embeddable":true,"href":"https:\/\/portalmovil.com.ar\/index.php\/wp-json\/wp\/v2\/categories?post=2066"},{"taxonomy":"post_tag","embeddable":true,"href":"https:\/\/portalmovil.com.ar\/index.php\/wp-json\/wp\/v2\/tags?post=2066"}],"curies":[{"name":"wp","href":"https:\/\/api.w.org\/{rel}","templated":true}]}}