{"id":20626,"date":"2021-02-11T10:19:45","date_gmt":"2021-02-11T13:19:45","guid":{"rendered":"https:\/\/portalmovil.com.ar\/?p=20626"},"modified":"2021-02-11T10:19:48","modified_gmt":"2021-02-11T13:19:48","slug":"presentan-los-primeros-cinco-nuevos-centros-modulares-sanitarios-para-el-turismo","status":"publish","type":"post","link":"https:\/\/portalmovil.com.ar\/index.php\/2021\/02\/11\/presentan-los-primeros-cinco-nuevos-centros-modulares-sanitarios-para-el-turismo\/","title":{"rendered":"Presentan los primeros cinco nuevos centros modulares sanitarios para el turismo"},"content":{"rendered":"\n<p>El presidente Alberto Fern\u00e1ndez encabezar\u00e1 este jueves&nbsp;por videoconferencia desde la Residencia de Olivos la presentaci\u00f3n de los primeros 5 de los 19 nuevos Centros Modulares Sanitarios que se est\u00e1n construyendo en ciudades tur\u00edsticas y establecer\u00e1 contacto con los gobernadores Juan Schiaretti (C\u00f3rdoba) y Gustavo Bordet (Entre R\u00edos).<\/p>\n\n\n\n<p>La actividad del Presidente, anunciada oficialmente para las 11.30, involucra a los Centros Modulares ubicados en Col\u00f3n (Entre R\u00edos), Mina Clavero (C\u00f3rdoba), Villa Gesell, Mar del Plata y San Bernardo (Buenos Aires), con los que se ampliar\u00e1 la red sanitaria federal.<\/p>\n\n\n\n<p>Durante la videoconferencia, el mandatario establecer\u00e1 contacto con el ministro de Obras P\u00fablicas, Gabriel Katopodis, quien brindar\u00e1 detalles sobre los centros modulares desde San Bernardo, en compa\u00f1\u00eda del intendente del Partido de la Costa, Cristian Cardozo; el diputado provincial Juan Pablo de Jes\u00fas y el ministro de Salud bonaerense, Daniel Gollan, dijeron a T\u00e9lam voceros oficiales.<\/p>\n\n\n\n<p>En otro contacto virtual, Fern\u00e1ndez se comunicar\u00e1 con Schiaretti, quien se referir\u00e1 al centro modular de Mina Clavero, desde donde estar\u00e1n presentes en la actividad el secretario de Obras P\u00fablicas, Mart\u00edn Gill, y el jefe comunal, Claudio Manzanelli.<\/p>\n\n\n\n<p>Tambi\u00e9n dialogar\u00e1 con Bordet y el intendente de Col\u00f3n, Jos\u00e9 Luis Walser, por el centro modular de ese distrito, seg\u00fan precisaron desde Obras P\u00fablicas.<\/p>\n\n\n\n<p>Los 19 centros, que implican una inversi\u00f3n de $ 2.855 millones, fueron construidos para ampliar el sistema de salud en aquellas ciudades de mayor importancia para el desarrollo productivo y econ\u00f3mico de 11 provincias.<\/p>\n\n\n\n<p>Tienen como prop\u00f3sito \u00abbrindar una respuesta r\u00e1pida y evitar la saturaci\u00f3n de hospitales y centros de atenci\u00f3n comunitaria de sus \u00e1reas de influencia\u00bb.<\/p>\n\n\n\n<p>Servir\u00e1n, adem\u00e1s, como vacunatorios, y, una vez que pase la pandemia, \u00abquedar\u00e1n como capacidad instalada para la atenci\u00f3n m\u00e9dica en cada localidad\u00bb, se indic\u00f3.<\/p>\n\n\n\n<p>En su construcci\u00f3n y puesta en marcha intervienen las carteras de Obras P\u00fablicas, de Turismo y Deportes, y de Salud, en articulaci\u00f3n con los gobiernos provinciales y municipales.<\/p>\n\n\n\n<p>Las unidades que presentar\u00e1 el Presidente se dedicar\u00e1n a la atenci\u00f3n de emergencias y cuidados primarios para pacientes que presenten s\u00edntomas de Covid-19, y que cuentan con espacios para realizar y procesar los testeos en laboratorio y con una ambulancia de traslado por cada uno de los Centros.<\/p>\n\n\n\n<p>Cada unidad posee una extensi\u00f3n de 655 m2 en un solo nivel y, al igual que los Hospitales Modulares de Emergencia, se construyeron con m\u00f3dulos habitacionales prefabricados.<\/p>\n\n\n\n<p>Cuentan con nueve camas, sala de recepci\u00f3n, admisi\u00f3n e informes, sala de espera, box de testeo y de monitoreo; equipamiento, shockroom, \u00e1rea de aislamiento, laboratorio, procesamiento de datos, servicios sanitarios y complementarios.<\/p>\n","protected":false},"excerpt":{"rendered":"<p>El presidente Alberto Fern\u00e1ndez encabezar\u00e1 este jueves&nbsp;por videoconferencia desde la Residencia de Olivos la presentaci\u00f3n de los primeros 5 de los 19 nuevos Centros Modulares Sanitarios que se est\u00e1n construyendo en ciudades tur\u00edsticas y establecer\u00e1 contacto con los gobernadores Juan Schiaretti (C\u00f3rdoba) y Gustavo Bordet (Entre R\u00edos). La actividad del Presidente, anunciada oficialmente para las &hellip;<\/p>\n","protected":false},"author":2,"featured_media":20627,"comment_status":"open","ping_status":"open","sticky":false,"template":"","format":"standard","meta":{"_jetpack_memberships_contains_paid_content":false,"footnotes":"","jetpack_publicize_message":"","jetpack_publicize_feature_enabled":true,"jetpack_social_post_already_shared":true,"jetpack_social_options":{"image_generator_settings":{"template":"highway","default_image_id":0,"font":"","enabled":false},"version":2}},"categories":[34,46],"tags":[],"class_list":["post-20626","post","type-post","status-publish","format-standard","has-post-thumbnail","hentry","category-nacional","category-salud"],"jetpack_publicize_connections":[],"jetpack_featured_media_url":"https:\/\/portalmovil.com.ar\/wp-content\/uploads\/2021\/02\/602473bc46d92431360607.jpg","jetpack_sharing_enabled":true,"amp_enabled":true,"_links":{"self":[{"href":"https:\/\/portalmovil.com.ar\/index.php\/wp-json\/wp\/v2\/posts\/20626","targetHints":{"allow":["GET"]}}],"collection":[{"href":"https:\/\/portalmovil.com.ar\/index.php\/wp-json\/wp\/v2\/posts"}],"about":[{"href":"https:\/\/portalmovil.com.ar\/index.php\/wp-json\/wp\/v2\/types\/post"}],"author":[{"embeddable":true,"href":"https:\/\/portalmovil.com.ar\/index.php\/wp-json\/wp\/v2\/users\/2"}],"replies":[{"embeddable":true,"href":"https:\/\/portalmovil.com.ar\/index.php\/wp-json\/wp\/v2\/comments?post=20626"}],"version-history":[{"count":1,"href":"https:\/\/portalmovil.com.ar\/index.php\/wp-json\/wp\/v2\/posts\/20626\/revisions"}],"predecessor-version":[{"id":20628,"href":"https:\/\/portalmovil.com.ar\/index.php\/wp-json\/wp\/v2\/posts\/20626\/revisions\/20628"}],"wp:featuredmedia":[{"embeddable":true,"href":"https:\/\/portalmovil.com.ar\/index.php\/wp-json\/wp\/v2\/media\/20627"}],"wp:attachment":[{"href":"https:\/\/portalmovil.com.ar\/index.php\/wp-json\/wp\/v2\/media?parent=20626"}],"wp:term":[{"taxonomy":"category","embeddable":true,"href":"https:\/\/portalmovil.com.ar\/index.php\/wp-json\/wp\/v2\/categories?post=20626"},{"taxonomy":"post_tag","embeddable":true,"href":"https:\/\/portalmovil.com.ar\/index.php\/wp-json\/wp\/v2\/tags?post=20626"}],"curies":[{"name":"wp","href":"https:\/\/api.w.org\/{rel}","templated":true}]}}