{"id":2051,"date":"2020-02-17T19:44:50","date_gmt":"2020-02-17T22:44:50","guid":{"rendered":"http:\/\/portalmovil.com.ar\/?p=2051"},"modified":"2020-02-17T19:44:58","modified_gmt":"2020-02-17T22:44:58","slug":"aborto-convocan-panuelazo-verde-para-el-19f","status":"publish","type":"post","link":"https:\/\/portalmovil.com.ar\/index.php\/2020\/02\/17\/aborto-convocan-panuelazo-verde-para-el-19f\/","title":{"rendered":"Aborto: convocan \u00abpa\u00f1uelazo\u00bb verde para el 19F"},"content":{"rendered":"\n<p>La convocatoria es para este mi\u00e9rcoles a las 18 en la plaza 25 de Mayo, donde agrupaciones feministas y de la comunidad LGBTTTIQ+ marchar\u00e1n para reclamar por un proyecto que despenalice el aborto y otorgue el derecho de que cada cuerpo gestante pueda decidir sobre su cuerpo de manera legal, segura y gratuita en los hospitales y centros de salud de todo el pa\u00eds.\u00a0 <\/p>\n\n\n\n<p>A pocas semanas de que el presidente\u00a0<strong>Alberto Fern\u00e1ndez<\/strong>\u00a0anuncie ante la Asamblea Nacional la inminente presentaci\u00f3n de un proyecto de interrupci\u00f3n voluntaria el embarazo, la Campa\u00f1a Nacional por el Aborto Legal, Seguro y gratuito convoc\u00f3 para el pr\u00f3ximo mi\u00e9rcoles a un \u00abpa\u00f1uelazo\u00bb verde en las puertas del Congreso nacional y en varias ciudades del pa\u00eds y del mundo.\u00a0<\/p>\n\n\n\n<p>Luego de que organizarse consecutivamente en 2018 y 2019, el 19F qued\u00f3 definitivamente instalado en el calendario feminista como el D\u00eda de Acci\u00f3n Verde por el Derecho al Aborto Legal Seguro y Gratuito, que este mi\u00e9rcoles celebrar\u00e1 su tercera edici\u00f3n a las 19:00 con una fuerte movilizaci\u00f3n popular, estiman los organizadores.\u00a0<\/p>\n\n\n\n<p>El horario vespertino elegido tiene que ver con que al ser un d\u00eda de semana, se estima que la capacidad de convocatoria sea mayor una vez finalizada la jornada cl\u00e1sica de oficina. <\/p>\n","protected":false},"excerpt":{"rendered":"<p>La convocatoria es para este mi\u00e9rcoles a las 18 en la plaza 25 de Mayo, donde agrupaciones feministas y de la comunidad LGBTTTIQ+ marchar\u00e1n para reclamar por un proyecto que despenalice el aborto y otorgue el derecho de que cada cuerpo gestante pueda decidir sobre su cuerpo de manera legal, segura y gratuita en los &hellip;<\/p>\n","protected":false},"author":2,"featured_media":2052,"comment_status":"open","ping_status":"open","sticky":false,"template":"","format":"standard","meta":{"_jetpack_memberships_contains_paid_content":false,"footnotes":"","jetpack_publicize_message":"","jetpack_publicize_feature_enabled":true,"jetpack_social_post_already_shared":true,"jetpack_social_options":{"image_generator_settings":{"template":"highway","default_image_id":0,"font":"","enabled":false},"version":2}},"categories":[28,5],"tags":[220],"class_list":["post-2051","post","type-post","status-publish","format-standard","has-post-thumbnail","hentry","category-actualidad","category-chaco","tag-lgtb"],"jetpack_publicize_connections":[],"jetpack_featured_media_url":"https:\/\/portalmovil.com.ar\/wp-content\/uploads\/2020\/02\/84531246_1493304357495537_5682312530848907264_o.jpg","jetpack_sharing_enabled":true,"amp_enabled":true,"_links":{"self":[{"href":"https:\/\/portalmovil.com.ar\/index.php\/wp-json\/wp\/v2\/posts\/2051","targetHints":{"allow":["GET"]}}],"collection":[{"href":"https:\/\/portalmovil.com.ar\/index.php\/wp-json\/wp\/v2\/posts"}],"about":[{"href":"https:\/\/portalmovil.com.ar\/index.php\/wp-json\/wp\/v2\/types\/post"}],"author":[{"embeddable":true,"href":"https:\/\/portalmovil.com.ar\/index.php\/wp-json\/wp\/v2\/users\/2"}],"replies":[{"embeddable":true,"href":"https:\/\/portalmovil.com.ar\/index.php\/wp-json\/wp\/v2\/comments?post=2051"}],"version-history":[{"count":1,"href":"https:\/\/portalmovil.com.ar\/index.php\/wp-json\/wp\/v2\/posts\/2051\/revisions"}],"predecessor-version":[{"id":2053,"href":"https:\/\/portalmovil.com.ar\/index.php\/wp-json\/wp\/v2\/posts\/2051\/revisions\/2053"}],"wp:featuredmedia":[{"embeddable":true,"href":"https:\/\/portalmovil.com.ar\/index.php\/wp-json\/wp\/v2\/media\/2052"}],"wp:attachment":[{"href":"https:\/\/portalmovil.com.ar\/index.php\/wp-json\/wp\/v2\/media?parent=2051"}],"wp:term":[{"taxonomy":"category","embeddable":true,"href":"https:\/\/portalmovil.com.ar\/index.php\/wp-json\/wp\/v2\/categories?post=2051"},{"taxonomy":"post_tag","embeddable":true,"href":"https:\/\/portalmovil.com.ar\/index.php\/wp-json\/wp\/v2\/tags?post=2051"}],"curies":[{"name":"wp","href":"https:\/\/api.w.org\/{rel}","templated":true}]}}