{"id":2047,"date":"2020-02-17T19:00:26","date_gmt":"2020-02-17T22:00:26","guid":{"rendered":"http:\/\/portalmovil.com.ar\/?p=2047"},"modified":"2020-02-17T19:05:25","modified_gmt":"2020-02-17T22:05:25","slug":"la-fiscal-pidio-que-los-8-rugbiers-detenidos-sean-imputados-como-coautores-del-asesinato-de-fernando","status":"publish","type":"post","link":"https:\/\/portalmovil.com.ar\/index.php\/2020\/02\/17\/la-fiscal-pidio-que-los-8-rugbiers-detenidos-sean-imputados-como-coautores-del-asesinato-de-fernando\/","title":{"rendered":"La fiscal pidi\u00f3 que los 8 rugbiers detenidos sean imputados como \u00abcoautores\u00bb del asesinato de Fernando"},"content":{"rendered":"\n<p>Luego de pedir su prisi\u00f3n preventiva,&nbsp;<strong>la fiscal de Villa Gesell, Ver\u00f3nica Zamboni<\/strong>, solicit\u00f3 que los&nbsp;<strong>8 rugbiers&nbsp;<\/strong>que a\u00fan permanecen detenidos sean&nbsp;<strong>imputados como coautores materiales del asesinato de Fernando B\u00e1ez Sosa<\/strong>.<\/p>\n\n\n\n<p>En tanto,&nbsp;<strong>Alejo Milanesi y Juan Pedro Guarino<\/strong>, quienes fueron liberados hace aproximadamente una semana, ser\u00edan considerados como part\u00edcipes necesarios.<\/p>\n\n\n\n<p>De esta manera,&nbsp;<strong>M\u00e1ximo Thomsen, Ciro Pertossi, Enzo Comelli, Mat\u00edas Benicelli, Blas Cinalli, Ayrton Viollaz, Lucas Pertossi y Luciano Pertossi&nbsp;<\/strong>podr\u00edan ser imputados como \u00abco &#8211; autores (coautor\u00eda funcional)\u00bb del homicidio de Fernando.<\/p>\n\n\n\n<p>Seg\u00fan la resoluci\u00f3n de la fiscal, los 8 agresores son responsables del delito de \u00ab<strong>homicidio doblemente agravado por su comisi\u00f3n por alevos\u00eda y por el concurso premeditado de dos o mas personas<\/strong>\u00ab, el cual tiene una pena m\u00e1xima de prisi\u00f3n perpetua.<\/p>\n\n\n\n<p>\u00abSe abalanzaron sobre Fernando B\u00e1ez Sosa aprovechando que se encontraba de espaldas e indefenso y actuando sobre seguro en virtud de la superioridad num\u00e9rica y f\u00edsica existente. Comenzaron a propinarle golpes de pu\u00f1o en su rostro y cuerpo, lo cual provoc\u00f3 que la v\u00edctima cayera primero arrodillada y luego al piso inconsciente\u201d, asegur\u00f3 Zamboni en la resoluci\u00f3n.<\/p>\n\n\n\n<p>Del an\u00e1lisis de la letrada se desprende que, m\u00e1s all\u00e1 de que los responsables de la golpiza faltal sean M\u00e1ximo Thomsen y Ciro Pertossi, l<strong>a colaboraci\u00f3n del resto del grupo en evitar que socorrieran a Fernando habr\u00eda sido decisiva para su muerte.<\/strong><\/p>\n\n\n\n<p>\u201cRodearon a los amigos que estaban parados junto a \u00e9l con el fin de dar muerte a la misma, aplic\u00e1ndoles golpes de pu\u00f1o y patadas en el cuerpo mientras pretend\u00edan ayudar a Fernando, caus\u00e1ndoles a algunos de ellos lesiones corporales\u201d, resalt\u00f3 la fiscal en el escrito.<\/p>\n\n\n\n<p>Y concluy\u00f3: \u201cLos sujetos activos se dieron a la fuga del lugar para lograr su impunidad, siendo aprehendidos por personales de la Seccional Primera Villa Gesell en las inmediaciones del lugar durante el relevamiento vecinal\u201d.<\/p>\n","protected":false},"excerpt":{"rendered":"<p>Luego de pedir su prisi\u00f3n preventiva,&nbsp;la fiscal de Villa Gesell, Ver\u00f3nica Zamboni, solicit\u00f3 que los&nbsp;8 rugbiers&nbsp;que a\u00fan permanecen detenidos sean&nbsp;imputados como coautores materiales del asesinato de Fernando B\u00e1ez Sosa. En tanto,&nbsp;Alejo Milanesi y Juan Pedro Guarino, quienes fueron liberados hace aproximadamente una semana, ser\u00edan considerados como part\u00edcipes necesarios. De esta manera,&nbsp;M\u00e1ximo Thomsen, Ciro Pertossi, Enzo &hellip;<\/p>\n","protected":false},"author":2,"featured_media":2050,"comment_status":"open","ping_status":"open","sticky":false,"template":"","format":"standard","meta":{"_jetpack_memberships_contains_paid_content":false,"footnotes":"","jetpack_publicize_message":"","jetpack_publicize_feature_enabled":true,"jetpack_social_post_already_shared":true,"jetpack_social_options":{"image_generator_settings":{"template":"highway","default_image_id":0,"font":"","enabled":false},"version":2}},"categories":[50,12],"tags":[],"class_list":["post-2047","post","type-post","status-publish","format-standard","has-post-thumbnail","hentry","category-judiciales","category-ultimo"],"jetpack_publicize_connections":[],"jetpack_featured_media_url":"https:\/\/portalmovil.com.ar\/wp-content\/uploads\/2020\/02\/750x380_443689_20200120073210.jpg","jetpack_sharing_enabled":true,"amp_enabled":true,"_links":{"self":[{"href":"https:\/\/portalmovil.com.ar\/index.php\/wp-json\/wp\/v2\/posts\/2047","targetHints":{"allow":["GET"]}}],"collection":[{"href":"https:\/\/portalmovil.com.ar\/index.php\/wp-json\/wp\/v2\/posts"}],"about":[{"href":"https:\/\/portalmovil.com.ar\/index.php\/wp-json\/wp\/v2\/types\/post"}],"author":[{"embeddable":true,"href":"https:\/\/portalmovil.com.ar\/index.php\/wp-json\/wp\/v2\/users\/2"}],"replies":[{"embeddable":true,"href":"https:\/\/portalmovil.com.ar\/index.php\/wp-json\/wp\/v2\/comments?post=2047"}],"version-history":[{"count":1,"href":"https:\/\/portalmovil.com.ar\/index.php\/wp-json\/wp\/v2\/posts\/2047\/revisions"}],"predecessor-version":[{"id":2049,"href":"https:\/\/portalmovil.com.ar\/index.php\/wp-json\/wp\/v2\/posts\/2047\/revisions\/2049"}],"wp:featuredmedia":[{"embeddable":true,"href":"https:\/\/portalmovil.com.ar\/index.php\/wp-json\/wp\/v2\/media\/2050"}],"wp:attachment":[{"href":"https:\/\/portalmovil.com.ar\/index.php\/wp-json\/wp\/v2\/media?parent=2047"}],"wp:term":[{"taxonomy":"category","embeddable":true,"href":"https:\/\/portalmovil.com.ar\/index.php\/wp-json\/wp\/v2\/categories?post=2047"},{"taxonomy":"post_tag","embeddable":true,"href":"https:\/\/portalmovil.com.ar\/index.php\/wp-json\/wp\/v2\/tags?post=2047"}],"curies":[{"name":"wp","href":"https:\/\/api.w.org\/{rel}","templated":true}]}}