{"id":20459,"date":"2021-02-08T13:26:14","date_gmt":"2021-02-08T16:26:14","guid":{"rendered":"https:\/\/portalmovil.com.ar\/?p=20459"},"modified":"2021-02-08T13:36:06","modified_gmt":"2021-02-08T16:36:06","slug":"fernandez-estimo-que-durante-este-mes-se-normalizara-la-provision-de-vacunas","status":"publish","type":"post","link":"https:\/\/portalmovil.com.ar\/index.php\/2021\/02\/08\/fernandez-estimo-que-durante-este-mes-se-normalizara-la-provision-de-vacunas\/","title":{"rendered":"Fern\u00e1ndez estim\u00f3 que durante este mes se normalizar\u00e1 la provisi\u00f3n de vacunas"},"content":{"rendered":"\n<p>Alberto Fern\u00e1ndez remarc\u00f3 que \u00abse ha planteado un escenario en el que parece que la Ciudad (Aut\u00f3noma de Buenos Aires) quiere (el reinicio de clases) y el resto no\u00bb, cuando no es as\u00ed, y subray\u00f3 que \u00abel Estado tiene que garantizar las condiciones seguras\u00bb.<\/p>\n\n\n\n<p>Fern\u00e1ndez expres\u00f3 estos conceptos en un reportaje que brind\u00f3 al diario P\u00e1gina 12, la radio AM750 y al canal Informaci\u00f3n Period\u00edstica (IP) en el cual se refiri\u00f3 a la situaci\u00f3n sanitaria, las clases, los precios, el acuerdo con el FMI, la Corte Suprema, la dirigente juje\u00f1a Milagro Sala, el calendario electoral 2021 y las posiciones que conviven en el Frente de Todos.<\/p>\n\n\n\n<h2 class=\"wp-block-heading\"><strong>Las vacunas<\/strong><\/h2>\n\n\n\n<p>El Presidente tambi\u00e9n se refiri\u00f3 a las tratativas que realiza el Gobierno con el laboratorio chino Sinopharm y, en ese sentido, revel\u00f3 que en ese marco \u00abse ha mejorado el precio\u00bb de esa vacuna para la Argentina, que qued\u00f3 \u00aben 20 d\u00f3lares cada dosis\u00bb.<\/p>\n\n\n\n<p>Por esa raz\u00f3n, adelant\u00f3, \u00abest\u00e1 por concluir el proceso\u00bb mediante el cual el ente regulatorio Anmat (Administraci\u00f3n Nacional de Medicamentos, Alimentos y Tecnolog\u00eda M\u00e9dica) \u00abtiene que verificar la calidad\u00bb de la vacuna desarrollada por el grupo farmac\u00e9utico chino Sinopharm.<\/p>\n\n\n\n<p>Adem\u00e1s, el primer mandatario afirm\u00f3 que el Gobierno apunta a vacunar mensualmente contra la Covid-19 \u00aba lo sumo cuatro millones y medio de personas\u00bb y en ese sentido revel\u00f3 que, \u00abpara acelerar el proceso\u00bb, se est\u00e1 evaluando \u00abhabilitar farmacias\u00bb.<\/p>\n\n\n\n<p>Fern\u00e1ndez tambi\u00e9n detall\u00f3 que \u00abhubo claramente una demora en las previsiones que hab\u00eda hecho Rusia, que a esta altura deber\u00eda haber entregado 10 millones de vacunas\u00bb.<\/p>\n\n\n\n<p>\u00abLa explicaci\u00f3n que nos dan es que ha habido un retraso en la elaboraci\u00f3n, porque parece que en la producci\u00f3n de vacunas hay que hacer como una escalada en la producci\u00f3n\u00bb, asegur\u00f3 y luego subray\u00f3: \u00abLos c\u00e1lculos dan cuenta de que despu\u00e9s del 15 de febrero todo se normalizar\u00e1 y yo conf\u00edo que sea as\u00ed\u00bb.<\/p>\n\n\n\n<p>Al ser consultado sobre cu\u00e1nto tiempo requerir\u00e1 la Argentina para poder vacunar a su poblaci\u00f3n, el Presidente respondi\u00f3: \u00abNosotros, el c\u00e1lculo que hacemos es que mensualmente podemos vacunar a lo sumo cuatro millones y medio de personas. Y estoy viendo experiencias que utilizan en el exterior, como habilitar farmacias para ampliar el n\u00famero de establecimientos y acelerar el proceso\u00bb.<\/p>\n\n\n\n<p>En relaci\u00f3n a cu\u00e1les ser\u00e1n las vacunas con las que finalmente contar\u00e1 el pa\u00eds, el Jefe de Estado anticip\u00f3 que \u00aben unos d\u00edas\u00bb se recibir\u00e1n m\u00e1s dosis procedentes de Rusia y que tambi\u00e9n est\u00e1 prevista la llegada del primer lote de vacunas de AstraZeneca, que nos est\u00e1 adelantando parte de lo que se hab\u00edan comprometido a entregar en febrero\u00bb.<\/p>\n\n\n\n<p>\u00abSigo con la idea de que podamos recibir las vacunas de ac\u00e1 el 31 de marzo que Rusia se comprometi\u00f3 a entregar, y as\u00ed acelerar la vacunaci\u00f3n al m\u00e1ximo, porque la propuesta y la idea que yo ten\u00eda era contar con ellas para vacunar a las 13 millones de personas que est\u00e1n en situaci\u00f3n de riesgo. Ah\u00ed incluyo al personal de la salud, de las fuerzas de seguridad, a los docentes, a los mayores de 60 a\u00f1os\u00bb, se\u00f1al\u00f3 en la entrevista.<\/p>\n\n\n\n<p>Por otro lado, en relaci\u00f3n al contrato con la farmac\u00e9utica de origen estadounidense Pfizer, Fern\u00e1ndez afirm\u00f3: \u00abPfizer no tuvo vocaci\u00f3n de avanzar con nuestro contrato, no soy yo quien no ha querido. Han tenido dificultades en el suministro y, por eso, tienen los problemas que tienen en Europa y en otros lugares de Am\u00e9rica Latina\u00bb.<\/p>\n","protected":false},"excerpt":{"rendered":"<p>Alberto Fern\u00e1ndez remarc\u00f3 que \u00abse ha planteado un escenario en el que parece que la Ciudad (Aut\u00f3noma de Buenos Aires) quiere (el reinicio de clases) y el resto no\u00bb, cuando no es as\u00ed, y subray\u00f3 que \u00abel Estado tiene que garantizar las condiciones seguras\u00bb. Fern\u00e1ndez expres\u00f3 estos conceptos en un reportaje que brind\u00f3 al diario &hellip;<\/p>\n","protected":false},"author":2,"featured_media":18785,"comment_status":"open","ping_status":"open","sticky":false,"template":"","format":"standard","meta":{"_jetpack_memberships_contains_paid_content":false,"footnotes":"","jetpack_publicize_message":"","jetpack_publicize_feature_enabled":true,"jetpack_social_post_already_shared":true,"jetpack_social_options":{"image_generator_settings":{"template":"highway","default_image_id":0,"font":"","enabled":false},"version":2}},"categories":[34],"tags":[],"class_list":["post-20459","post","type-post","status-publish","format-standard","has-post-thumbnail","hentry","category-nacional"],"jetpack_publicize_connections":[],"jetpack_featured_media_url":"https:\/\/portalmovil.com.ar\/wp-content\/uploads\/2021\/01\/alberto-fernandez-suero-equinojpg.jpg","jetpack_sharing_enabled":true,"amp_enabled":true,"_links":{"self":[{"href":"https:\/\/portalmovil.com.ar\/index.php\/wp-json\/wp\/v2\/posts\/20459","targetHints":{"allow":["GET"]}}],"collection":[{"href":"https:\/\/portalmovil.com.ar\/index.php\/wp-json\/wp\/v2\/posts"}],"about":[{"href":"https:\/\/portalmovil.com.ar\/index.php\/wp-json\/wp\/v2\/types\/post"}],"author":[{"embeddable":true,"href":"https:\/\/portalmovil.com.ar\/index.php\/wp-json\/wp\/v2\/users\/2"}],"replies":[{"embeddable":true,"href":"https:\/\/portalmovil.com.ar\/index.php\/wp-json\/wp\/v2\/comments?post=20459"}],"version-history":[{"count":2,"href":"https:\/\/portalmovil.com.ar\/index.php\/wp-json\/wp\/v2\/posts\/20459\/revisions"}],"predecessor-version":[{"id":20461,"href":"https:\/\/portalmovil.com.ar\/index.php\/wp-json\/wp\/v2\/posts\/20459\/revisions\/20461"}],"wp:featuredmedia":[{"embeddable":true,"href":"https:\/\/portalmovil.com.ar\/index.php\/wp-json\/wp\/v2\/media\/18785"}],"wp:attachment":[{"href":"https:\/\/portalmovil.com.ar\/index.php\/wp-json\/wp\/v2\/media?parent=20459"}],"wp:term":[{"taxonomy":"category","embeddable":true,"href":"https:\/\/portalmovil.com.ar\/index.php\/wp-json\/wp\/v2\/categories?post=20459"},{"taxonomy":"post_tag","embeddable":true,"href":"https:\/\/portalmovil.com.ar\/index.php\/wp-json\/wp\/v2\/tags?post=20459"}],"curies":[{"name":"wp","href":"https:\/\/api.w.org\/{rel}","templated":true}]}}