{"id":19876,"date":"2021-01-29T18:20:53","date_gmt":"2021-01-29T21:20:53","guid":{"rendered":"https:\/\/portalmovil.com.ar\/?p=19876"},"modified":"2021-01-29T18:21:03","modified_gmt":"2021-01-29T21:21:03","slug":"capitanich-defendio-la-ley-del-aborto-tenemos-que-respetar-la-constitucion-y-las-leyes-supremas","status":"publish","type":"post","link":"https:\/\/portalmovil.com.ar\/index.php\/2021\/01\/29\/capitanich-defendio-la-ley-del-aborto-tenemos-que-respetar-la-constitucion-y-las-leyes-supremas\/","title":{"rendered":"Capitanich defendi\u00f3 la Ley del Aborto: \u201ctenemos que respetar la Constituci\u00f3n y las leyes supremas\u201d."},"content":{"rendered":"\n<p>El gobernador Jorge\u00a0Capitanich\u00a0se sum\u00f3 a la pol\u00e9mica desatada tras el amparo al que dio lugar la jueza Civil y Comercial Beatriz\u00a0Aucar\u00a0de\u00a0Trotti\u00a0para evitar la ejecuci\u00f3n de la Ley de Interrupci\u00f3n Voluntaria del Embarazo en Chaco, ante lo cual, el mandatario asegur\u00f3 que\u00a0\u201ctenemos que respetar la Constituci\u00f3n y las leyes supremas\u201d.\u00a0<\/p>\n\n\n\n<p>\u201cCuando existe una Ley de alcance nacional tenemos que regirnos por la Constituci\u00f3n Nacional y la Constituci\u00f3n Provincial, esto significa que Art\u00edculo 1, 5, 31, 128, nosotros, como gobernadores de las provincias argentinas somos agentes del Gobierno Federal y tenemos que respetar la Constituci\u00f3n y las leyes supremas, que garantizan su ejercicio desde el punto de vista constitucional\u201d, explic\u00f3&nbsp;Capitanich&nbsp;en di\u00e1logo con la prensa.&nbsp;<\/p>\n\n\n\n<p>En ese sentido, el gobernador refrend\u00f3 su postura \u201ccontraria a la Ley\u201d pero destac\u00f3 que es \u201cLey suprema de la Naci\u00f3n\u201d, y asegur\u00f3 que cuando es as\u00ed \u201chay competencia federal y aplicaci\u00f3n\u201d.&nbsp;\u201cNosotros tenemos en materia de protocolo de aplicaci\u00f3n vigente con una Ley que rige desde el a\u00f1o 2012, y se tiene que adecuar a la normativa vigente nacional\u201d, precis\u00f3.&nbsp;<\/p>\n\n\n\n<h2 class=\"wp-block-heading\">Respecto a la determinaci\u00f3n judicial, se\u00f1al\u00f3 que \u201c<strong>primero, la provincia tiene que ser notificada<\/strong>. Segundo, <strong>tenemos que tener el dictamen correspondiente de todas las \u00e1reas pertinentes<\/strong>. Tercero,<strong> todo el protocolo de aplicaci\u00f3n conforme a la normativa vigente a nivel nacional<\/strong>. Cuarto, nosotros <strong>tenemos que ejecutar una Ley que se sancion\u00f3 por parte del Congreso, y es de orden p\u00fablico<\/strong>\u201d, y agreg\u00f3 que \u201cen ese contexto, vamos a evaluar el procedimiento a aplicar\u201d.\u00a0<\/h2>\n\n\n\n<p>\u201cNecesitamos la notificaci\u00f3n correspondiente, tenemos que tener el procedimiento de consulta y la aplicaci\u00f3n conforme lo que dice la Constituci\u00f3n\u201d, reiter\u00f3, y remarc\u00f3 que \u201ccuando existe una objeci\u00f3n de car\u00e1cter judicial, debe acatarse como cualquier recurso de amparo, eso tiene un car\u00e1cter transitorio\u201d.&nbsp;\u201cLa Ley se tiene que aplicar, si hay una manda judicial, deber\u00e1 evaluarse el proceso, eso significa que mientras ocurre el proceso vamos a evaluar su aplicaci\u00f3n\u201d, concluy\u00f3.&nbsp;<\/p>\n","protected":false},"excerpt":{"rendered":"<p>El gobernador Jorge\u00a0Capitanich\u00a0se sum\u00f3 a la pol\u00e9mica desatada tras el amparo al que dio lugar la jueza Civil y Comercial Beatriz\u00a0Aucar\u00a0de\u00a0Trotti\u00a0para evitar la ejecuci\u00f3n de la Ley de Interrupci\u00f3n Voluntaria del Embarazo en Chaco, ante lo cual, el mandatario asegur\u00f3 que\u00a0\u201ctenemos que respetar la Constituci\u00f3n y las leyes supremas\u201d.\u00a0 \u201cCuando existe una Ley de alcance &hellip;<\/p>\n","protected":false},"author":2,"featured_media":19877,"comment_status":"open","ping_status":"open","sticky":false,"template":"","format":"standard","meta":{"_jetpack_memberships_contains_paid_content":false,"footnotes":"","jetpack_publicize_message":"","jetpack_publicize_feature_enabled":true,"jetpack_social_post_already_shared":true,"jetpack_social_options":{"image_generator_settings":{"template":"highway","default_image_id":0,"font":"","enabled":false},"version":2}},"categories":[5,14],"tags":[],"class_list":["post-19876","post","type-post","status-publish","format-standard","has-post-thumbnail","hentry","category-chaco","category-politica"],"jetpack_publicize_connections":[],"jetpack_featured_media_url":"https:\/\/portalmovil.com.ar\/wp-content\/uploads\/2021\/01\/para-empleados-provinciales-capitanich-presento-un-programa-de-refinanciacion-de-deudas-y-prestamos-personales-2.jpg","jetpack_sharing_enabled":true,"amp_enabled":true,"_links":{"self":[{"href":"https:\/\/portalmovil.com.ar\/index.php\/wp-json\/wp\/v2\/posts\/19876","targetHints":{"allow":["GET"]}}],"collection":[{"href":"https:\/\/portalmovil.com.ar\/index.php\/wp-json\/wp\/v2\/posts"}],"about":[{"href":"https:\/\/portalmovil.com.ar\/index.php\/wp-json\/wp\/v2\/types\/post"}],"author":[{"embeddable":true,"href":"https:\/\/portalmovil.com.ar\/index.php\/wp-json\/wp\/v2\/users\/2"}],"replies":[{"embeddable":true,"href":"https:\/\/portalmovil.com.ar\/index.php\/wp-json\/wp\/v2\/comments?post=19876"}],"version-history":[{"count":1,"href":"https:\/\/portalmovil.com.ar\/index.php\/wp-json\/wp\/v2\/posts\/19876\/revisions"}],"predecessor-version":[{"id":19878,"href":"https:\/\/portalmovil.com.ar\/index.php\/wp-json\/wp\/v2\/posts\/19876\/revisions\/19878"}],"wp:featuredmedia":[{"embeddable":true,"href":"https:\/\/portalmovil.com.ar\/index.php\/wp-json\/wp\/v2\/media\/19877"}],"wp:attachment":[{"href":"https:\/\/portalmovil.com.ar\/index.php\/wp-json\/wp\/v2\/media?parent=19876"}],"wp:term":[{"taxonomy":"category","embeddable":true,"href":"https:\/\/portalmovil.com.ar\/index.php\/wp-json\/wp\/v2\/categories?post=19876"},{"taxonomy":"post_tag","embeddable":true,"href":"https:\/\/portalmovil.com.ar\/index.php\/wp-json\/wp\/v2\/tags?post=19876"}],"curies":[{"name":"wp","href":"https:\/\/api.w.org\/{rel}","templated":true}]}}