{"id":19809,"date":"2021-01-28T18:54:11","date_gmt":"2021-01-28T21:54:11","guid":{"rendered":"https:\/\/portalmovil.com.ar\/?p=19809"},"modified":"2021-01-28T18:54:13","modified_gmt":"2021-01-28T21:54:13","slug":"vuelven-a-circular-los-remises-chaco-corrientes","status":"publish","type":"post","link":"https:\/\/portalmovil.com.ar\/index.php\/2021\/01\/28\/vuelven-a-circular-los-remises-chaco-corrientes\/","title":{"rendered":"Vuelven a circular los remises Chaco-Corrientes"},"content":{"rendered":"\n<p>El subsecretario de Transporte de la Ciudad de Resistencia, Luis Cabrera confirm\u00f3 a la<strong> Agencia Foco<\/strong> que\u00a0a partir de este viernes 29 se concretar\u00e1 la reactivaci\u00f3n del servicio de remises Chaco-Corrientes, aunque con ciertas particularidades que lo diferenciar\u00e1n del que exist\u00eda en la pre pandemia.\u00a0<\/p>\n\n\n\n<p>El funcionario coment\u00f3 que en la jornada de este jueves se realiz\u00f3 la inspecci\u00f3n ocular a las unidades que explotar\u00e1n la ruta que hab\u00eda sido cancelada como producto de la emergencia sanitaria en la regi\u00f3n, pero fundamentalmente por las restricciones al ingreso a la vecina provincia impuestas por el gobierno de Gustavo Valdes.<\/p>\n\n\n\n<p>Cabe recordar que la misma suerte corri\u00f3 el servicio de colectivos que une ambas jurisdicciones, que a pesar de contar con la habilitaci\u00f3n para volver a funcionar por parte del Ministerio de Transporte de la Naci\u00f3n, bajo cuya \u00f3rbita se encuentra, no logr\u00f3 sortear las pautas de ingreso establecidas al otro lado del Paran\u00e1.\u00a0<\/p>\n\n\n\n<p>No obstante, Cabrera se comprometi\u00f3 a encarar las gestiones para avanzar en una estrategia en conjunto, que permita reactivar la conectividad entre ambas provincias: \u201cAntes no cont\u00e1bamos con un convenio espec\u00edfico, ahora s\u00ed lo tenemos as\u00ed que haremos todo lo que est\u00e9 a nuestro alcance para lograr que la actividad retorne a pleno de sus condiciones\u201d, dijo.<\/p>\n\n\n\n<h2 class=\"wp-block-heading\"><strong>La comuna capitalina acord\u00f3 con la empresa que prestar\u00e1 el servicio que el costo de la tarifa se ubique en los 400 pesos por pasajero. A la vez, en esta primera etapa, la capacidad de las unidades estar\u00eda reducida a tres pesonas, con el chofer aislado; tal como sucede con el servicio de remises regular.<\/strong><\/h2>\n\n\n\n<p>Si bien el precio aparece como elevado, si se lo compara con la \u00faltima tarifa de la prepandemia, resulta ontensiblemente inferior a los 1200 pesos que cobran otras empresas por trasladar a las personas haciendo el mismo recorrido, seg\u00fan pudo confirmar esta Agencia.\u00a0Adem\u00e1s, los veh\u00edculos no podr\u00e1n ingresar a la capital correntina. <\/p>\n\n\n\n<p>El viaje comenzar\u00e1 en Resistencia y concluir\u00e1 en la bajada del puente General Belgrano, al otro lado del r\u00edo, tal como sucede ahora con los remises que ocasionalmente transportan pasajeros entre las dos jurisdicciones.<\/p>\n\n\n\n<p>El servicio de remises Chaco-Corrientes fue uno de los m\u00e1s castigados por la pandemia. De hecho, en Resistencia ten\u00edan base dos empresas, de las cuales s\u00f3lo queda una funcionando; y llegaron a estar afectados 53 coches. De esa cifras, s\u00f3lo tres volver\u00e1n a circular este viernes, ya que el resto fue dado de baja como prestador del servicio.<\/p>\n","protected":false},"excerpt":{"rendered":"<p>El subsecretario de Transporte de la Ciudad de Resistencia, Luis Cabrera confirm\u00f3 a la Agencia Foco que\u00a0a partir de este viernes 29 se concretar\u00e1 la reactivaci\u00f3n del servicio de remises Chaco-Corrientes, aunque con ciertas particularidades que lo diferenciar\u00e1n del que exist\u00eda en la pre pandemia.\u00a0 El funcionario coment\u00f3 que en la jornada de este jueves &hellip;<\/p>\n","protected":false},"author":2,"featured_media":19810,"comment_status":"open","ping_status":"open","sticky":false,"template":"","format":"standard","meta":{"_jetpack_memberships_contains_paid_content":false,"footnotes":"","jetpack_publicize_message":"","jetpack_publicize_feature_enabled":true,"jetpack_social_post_already_shared":true,"jetpack_social_options":{"image_generator_settings":{"template":"highway","default_image_id":0,"font":"","enabled":false},"version":2}},"categories":[5],"tags":[601,515],"class_list":["post-19809","post","type-post","status-publish","format-standard","has-post-thumbnail","hentry","category-chaco","tag-chaco-corrientes","tag-transporte"],"jetpack_publicize_connections":[],"jetpack_featured_media_url":"https:\/\/portalmovil.com.ar\/wp-content\/uploads\/2021\/01\/Remises_ChacoCtes-696x472-1.jpg","jetpack_sharing_enabled":true,"amp_enabled":true,"_links":{"self":[{"href":"https:\/\/portalmovil.com.ar\/index.php\/wp-json\/wp\/v2\/posts\/19809","targetHints":{"allow":["GET"]}}],"collection":[{"href":"https:\/\/portalmovil.com.ar\/index.php\/wp-json\/wp\/v2\/posts"}],"about":[{"href":"https:\/\/portalmovil.com.ar\/index.php\/wp-json\/wp\/v2\/types\/post"}],"author":[{"embeddable":true,"href":"https:\/\/portalmovil.com.ar\/index.php\/wp-json\/wp\/v2\/users\/2"}],"replies":[{"embeddable":true,"href":"https:\/\/portalmovil.com.ar\/index.php\/wp-json\/wp\/v2\/comments?post=19809"}],"version-history":[{"count":1,"href":"https:\/\/portalmovil.com.ar\/index.php\/wp-json\/wp\/v2\/posts\/19809\/revisions"}],"predecessor-version":[{"id":19811,"href":"https:\/\/portalmovil.com.ar\/index.php\/wp-json\/wp\/v2\/posts\/19809\/revisions\/19811"}],"wp:featuredmedia":[{"embeddable":true,"href":"https:\/\/portalmovil.com.ar\/index.php\/wp-json\/wp\/v2\/media\/19810"}],"wp:attachment":[{"href":"https:\/\/portalmovil.com.ar\/index.php\/wp-json\/wp\/v2\/media?parent=19809"}],"wp:term":[{"taxonomy":"category","embeddable":true,"href":"https:\/\/portalmovil.com.ar\/index.php\/wp-json\/wp\/v2\/categories?post=19809"},{"taxonomy":"post_tag","embeddable":true,"href":"https:\/\/portalmovil.com.ar\/index.php\/wp-json\/wp\/v2\/tags?post=19809"}],"curies":[{"name":"wp","href":"https:\/\/api.w.org\/{rel}","templated":true}]}}