{"id":19549,"date":"2021-01-24T14:11:17","date_gmt":"2021-01-24T17:11:17","guid":{"rendered":"https:\/\/portalmovil.com.ar\/?p=19549"},"modified":"2021-01-24T14:11:29","modified_gmt":"2021-01-24T17:11:29","slug":"nacion-anuncio-que-distribuiran-cerca-de-medio-millon-de-computadoras-en-el-pais","status":"publish","type":"post","link":"https:\/\/portalmovil.com.ar\/index.php\/2021\/01\/24\/nacion-anuncio-que-distribuiran-cerca-de-medio-millon-de-computadoras-en-el-pais\/","title":{"rendered":"Naci\u00f3n anunci\u00f3 que distribuir\u00e1n cerca de medio mill\u00f3n de computadoras en el pa\u00eds"},"content":{"rendered":"\n<p>El ministro de Educaci\u00f3n,\u00a0Nicol\u00e1s Trotta,\u00a0asegur\u00f3\u00a0que en el presente a\u00f1o se instalar\u00e1 nuevamente un programa similar a lo que fue Conectar-Igualdad, a trav\u00e9s del cual\u00a0se distribuir\u00e1n cerca de medio mill\u00f3n de computadoras en todo el pa\u00eds.<\/p>\n\n\n\n<p>Lo dijo este s\u00e1bado, tras una recorrida por las instalaciones de la Primera F\u00e1brica Argentina de NanoSensores IOT para la Rob\u00f3tica, en el Parque Industrial Posadas, Misiones.<\/p>\n\n\n\n<p>\u00abEstamos revitalizando nuestro plan de conectividad y hemos distribuido casi 10 mil computadoras en la provincia de Misiones a lo largo del 2020 y vamos a sostener ese compromiso\u00bb, afirm\u00f3 el ministro.<\/p>\n\n\n\n<p>En cuanto a la distribuci\u00f3n de las computadoras, asegur\u00f3:\u00a0\u00abVamos a priorizar a las Escuelas Interculturales Biling\u00fces y aquellos lugares donde se presentan los mayores desaf\u00edos en una realidad de desigualdad\u00bb.<\/p>\n\n\n\n<p>El funcionario,\u00a0adem\u00e1s, apunt\u00f3 al gobierno anterior.\u00a0\u00abHay que tomar conciencia que nunca m\u00e1s debe ocurrir que cambie un gobierno y se desarticulen programas tan importantes como fue Conectar Igualdad que es lo que ocurri\u00f3 en la gesti\u00f3n de Mauricio Macri\u00bb, coment\u00f3.<\/p>\n\n\n\n<p>\u00abEsto es algo que hay que mencionarlo -agreg\u00f3- porque hoy hay cientos de miles de adolescentes misioneros que no tuvieron una computadora en el 2020 porque existi\u00f3 un gobierno que discontinu\u00f3 el programa creado por la entonces presidenta Cristina Fern\u00e1ndez de Kirchner y que permiti\u00f3 en 5 a\u00f1os distribuir 5 millones 300 mil computadoras que todav\u00eda est\u00e1n presentes en muchos hogares misioneros\u00bb.<\/p>\n","protected":false},"excerpt":{"rendered":"<p>El ministro de Educaci\u00f3n,\u00a0Nicol\u00e1s Trotta,\u00a0asegur\u00f3\u00a0que en el presente a\u00f1o se instalar\u00e1 nuevamente un programa similar a lo que fue Conectar-Igualdad, a trav\u00e9s del cual\u00a0se distribuir\u00e1n cerca de medio mill\u00f3n de computadoras en todo el pa\u00eds. Lo dijo este s\u00e1bado, tras una recorrida por las instalaciones de la Primera F\u00e1brica Argentina de NanoSensores IOT para la &hellip;<\/p>\n","protected":false},"author":2,"featured_media":19550,"comment_status":"open","ping_status":"open","sticky":false,"template":"","format":"standard","meta":{"_jetpack_memberships_contains_paid_content":false,"footnotes":"","jetpack_publicize_message":"","jetpack_publicize_feature_enabled":true,"jetpack_social_post_already_shared":true,"jetpack_social_options":{"image_generator_settings":{"template":"highway","default_image_id":0,"font":"","enabled":false},"version":2}},"categories":[34],"tags":[587,195],"class_list":["post-19549","post","type-post","status-publish","format-standard","has-post-thumbnail","hentry","category-nacional","tag-computadoras","tag-educacion-2"],"jetpack_publicize_connections":[],"jetpack_featured_media_url":"https:\/\/portalmovil.com.ar\/wp-content\/uploads\/2021\/01\/0007264812_1-780x450-1.jpg","jetpack_sharing_enabled":true,"amp_enabled":true,"_links":{"self":[{"href":"https:\/\/portalmovil.com.ar\/index.php\/wp-json\/wp\/v2\/posts\/19549","targetHints":{"allow":["GET"]}}],"collection":[{"href":"https:\/\/portalmovil.com.ar\/index.php\/wp-json\/wp\/v2\/posts"}],"about":[{"href":"https:\/\/portalmovil.com.ar\/index.php\/wp-json\/wp\/v2\/types\/post"}],"author":[{"embeddable":true,"href":"https:\/\/portalmovil.com.ar\/index.php\/wp-json\/wp\/v2\/users\/2"}],"replies":[{"embeddable":true,"href":"https:\/\/portalmovil.com.ar\/index.php\/wp-json\/wp\/v2\/comments?post=19549"}],"version-history":[{"count":2,"href":"https:\/\/portalmovil.com.ar\/index.php\/wp-json\/wp\/v2\/posts\/19549\/revisions"}],"predecessor-version":[{"id":19552,"href":"https:\/\/portalmovil.com.ar\/index.php\/wp-json\/wp\/v2\/posts\/19549\/revisions\/19552"}],"wp:featuredmedia":[{"embeddable":true,"href":"https:\/\/portalmovil.com.ar\/index.php\/wp-json\/wp\/v2\/media\/19550"}],"wp:attachment":[{"href":"https:\/\/portalmovil.com.ar\/index.php\/wp-json\/wp\/v2\/media?parent=19549"}],"wp:term":[{"taxonomy":"category","embeddable":true,"href":"https:\/\/portalmovil.com.ar\/index.php\/wp-json\/wp\/v2\/categories?post=19549"},{"taxonomy":"post_tag","embeddable":true,"href":"https:\/\/portalmovil.com.ar\/index.php\/wp-json\/wp\/v2\/tags?post=19549"}],"curies":[{"name":"wp","href":"https:\/\/api.w.org\/{rel}","templated":true}]}}