{"id":1940,"date":"2020-02-16T09:38:07","date_gmt":"2020-02-16T12:38:07","guid":{"rendered":"http:\/\/portalmovil.com.ar\/?p=1940"},"modified":"2020-02-16T09:39:35","modified_gmt":"2020-02-16T12:39:35","slug":"corrientes-ya-son-35-los-casos-confirmados-de-dengue","status":"publish","type":"post","link":"https:\/\/portalmovil.com.ar\/index.php\/2020\/02\/16\/corrientes-ya-son-35-los-casos-confirmados-de-dengue\/","title":{"rendered":"Corrientes: Ya son 35 los casos confirmados de dengue"},"content":{"rendered":"\n<p>El viernes pasado informaron desde&nbsp;<strong>Salud P\u00fablica de la Provincia&nbsp;<\/strong>que ya hay&nbsp;<strong>35 casos de dengue<\/strong>&nbsp;y 183 muestras fueron monitoreadas en toda la provincia de&nbsp;<strong>Corrientes<\/strong>. La mayor\u00eda de las personas infectadas se encuentran en Capital; se mantuvo un largo per\u00edodo con un solo caso en el interior, pero esta semana se sumaron otros cinco.<\/p>\n\n\n\n<figure class=\"wp-block-image\"><img decoding=\"async\" src=\"https:\/\/viapais.com.ar\/files\/2020\/02\/20200216115252_41447540_0_body-768x384.jpg\" alt=\"Distintas charlas a j\u00f3venes estudiantes para prevenir el dengue.\"\/><\/figure>\n\n\n\n<p>En las dem\u00e1s provincias de la regi\u00f3n del Litoral tambi\u00e9n creci\u00f3 esta semana, pero Corrientes contin\u00faa siendo la tercera con m\u00e1s casos positivos despu\u00e9s de Formosa y Misiones. La mayor\u00eda de los casos son importados y no son graves, de acuerdo a lo informado por las \u00e1reas epidemiol\u00f3gicas de cada cartera sanitaria.<\/p>\n\n\n\n<p>Desde el \u00e1rea de&nbsp;<strong>Epidemiolog\u00eda<\/strong>&nbsp;contin\u00faan con el control y prevenci\u00f3n. Por el inicio de clases ya comenzaron a&nbsp;<strong>fumigar&nbsp;<\/strong>algunas escuelas e insisten con las tareas en los barrios.<\/p>\n\n\n\n<p>En tanto que el viernes se hicieron capacitaciones en facultades para que la comunidad educativa conozca sobre la enfermedad vectorial y que pueda transmitir esta informaci\u00f3n a todos los estudiantes.<\/p>\n\n\n\n<p><\/p>\n","protected":false},"excerpt":{"rendered":"<p>El viernes pasado informaron desde&nbsp;Salud P\u00fablica de la Provincia&nbsp;que ya hay&nbsp;35 casos de dengue&nbsp;y 183 muestras fueron monitoreadas en toda la provincia de&nbsp;Corrientes. La mayor\u00eda de las personas infectadas se encuentran en Capital; se mantuvo un largo per\u00edodo con un solo caso en el interior, pero esta semana se sumaron otros cinco. En las dem\u00e1s &hellip;<\/p>\n","protected":false},"author":2,"featured_media":1941,"comment_status":"open","ping_status":"open","sticky":false,"template":"","format":"standard","meta":{"_jetpack_memberships_contains_paid_content":false,"footnotes":"","jetpack_publicize_message":"","jetpack_publicize_feature_enabled":true,"jetpack_social_post_already_shared":true,"jetpack_social_options":{"image_generator_settings":{"template":"highway","default_image_id":0,"font":"","enabled":false},"version":2}},"categories":[46],"tags":[72,58,215],"class_list":["post-1940","post","type-post","status-publish","format-standard","has-post-thumbnail","hentry","category-salud","tag-corrientes","tag-dengue","tag-fumigar"],"jetpack_publicize_connections":[],"jetpack_featured_media_url":"https:\/\/portalmovil.com.ar\/wp-content\/uploads\/2020\/02\/766993.jpg_gde.jpg","jetpack_sharing_enabled":true,"amp_enabled":true,"_links":{"self":[{"href":"https:\/\/portalmovil.com.ar\/index.php\/wp-json\/wp\/v2\/posts\/1940","targetHints":{"allow":["GET"]}}],"collection":[{"href":"https:\/\/portalmovil.com.ar\/index.php\/wp-json\/wp\/v2\/posts"}],"about":[{"href":"https:\/\/portalmovil.com.ar\/index.php\/wp-json\/wp\/v2\/types\/post"}],"author":[{"embeddable":true,"href":"https:\/\/portalmovil.com.ar\/index.php\/wp-json\/wp\/v2\/users\/2"}],"replies":[{"embeddable":true,"href":"https:\/\/portalmovil.com.ar\/index.php\/wp-json\/wp\/v2\/comments?post=1940"}],"version-history":[{"count":3,"href":"https:\/\/portalmovil.com.ar\/index.php\/wp-json\/wp\/v2\/posts\/1940\/revisions"}],"predecessor-version":[{"id":1944,"href":"https:\/\/portalmovil.com.ar\/index.php\/wp-json\/wp\/v2\/posts\/1940\/revisions\/1944"}],"wp:featuredmedia":[{"embeddable":true,"href":"https:\/\/portalmovil.com.ar\/index.php\/wp-json\/wp\/v2\/media\/1941"}],"wp:attachment":[{"href":"https:\/\/portalmovil.com.ar\/index.php\/wp-json\/wp\/v2\/media?parent=1940"}],"wp:term":[{"taxonomy":"category","embeddable":true,"href":"https:\/\/portalmovil.com.ar\/index.php\/wp-json\/wp\/v2\/categories?post=1940"},{"taxonomy":"post_tag","embeddable":true,"href":"https:\/\/portalmovil.com.ar\/index.php\/wp-json\/wp\/v2\/tags?post=1940"}],"curies":[{"name":"wp","href":"https:\/\/api.w.org\/{rel}","templated":true}]}}