{"id":19317,"date":"2021-01-20T19:38:47","date_gmt":"2021-01-20T22:38:47","guid":{"rendered":"https:\/\/portalmovil.com.ar\/?p=19317"},"modified":"2021-01-20T19:38:50","modified_gmt":"2021-01-20T22:38:50","slug":"cafiero-joe-biden-para-argentina-tiene-una-agenda-que-nos-acerca-mucho-mas","status":"publish","type":"post","link":"https:\/\/portalmovil.com.ar\/index.php\/2021\/01\/20\/cafiero-joe-biden-para-argentina-tiene-una-agenda-que-nos-acerca-mucho-mas\/","title":{"rendered":"Cafiero: \u00abJoe Biden para Argentina tiene una agenda que nos acerca mucho m\u00e1s\u00bb"},"content":{"rendered":"\n<p>El jefe de Gabinete,\u00a0Santiago Cafiero, celebr\u00f3 el cambio de estilo en la Casa Blanca tras la asunci\u00f3n del dem\u00f3crata Joe Biden sucediendo al republicano Donald Trump como presidente de Estados Unidos. \u00abLo que representa Biden para Argentina es un cambio de agenda, una agenda que nos acerca mucho m\u00e1s\u00bb, sentenci\u00f3 en dialogo con\u00a0<em>C5N<\/em>.<\/p>\n\n\n\n<p>Para el ministro coordinador, Joe Biden representan \u00abuna mirada diversa que apunta a eliminar el racismo, de respeto y una mirada compartida sobre recursos naturales y sostenibilidad del enclave productivo y ambiental.<\/p>\n\n\n\n<p>\u00abAh\u00ed tenemos muchas m\u00e1s posiciones que nos acercan a esta administraci\u00f3n de lo que fue anteriormente\u00bb, explic\u00f3 Cafiero.<\/p>\n\n\n\n<p>Sobre el saliente y controvertido magnate estadounidense, quien tambi\u00e9n es polit\u00f3logo subray\u00f3: \u00abNo tengo que hacer mucho explicaci\u00f3n de lo que fue Trump para toda la regi\u00f3n\u00bb.<\/p>\n","protected":false},"excerpt":{"rendered":"<p>El jefe de Gabinete,\u00a0Santiago Cafiero, celebr\u00f3 el cambio de estilo en la Casa Blanca tras la asunci\u00f3n del dem\u00f3crata Joe Biden sucediendo al republicano Donald Trump como presidente de Estados Unidos. \u00abLo que representa Biden para Argentina es un cambio de agenda, una agenda que nos acerca mucho m\u00e1s\u00bb, sentenci\u00f3 en dialogo con\u00a0C5N. Para el &hellip;<\/p>\n","protected":false},"author":2,"featured_media":13108,"comment_status":"open","ping_status":"open","sticky":false,"template":"","format":"standard","meta":{"_jetpack_memberships_contains_paid_content":false,"footnotes":"","jetpack_publicize_message":"","jetpack_publicize_feature_enabled":true,"jetpack_social_post_already_shared":true,"jetpack_social_options":{"image_generator_settings":{"template":"highway","default_image_id":0,"font":"","enabled":false},"version":2}},"categories":[34,14],"tags":[],"class_list":["post-19317","post","type-post","status-publish","format-standard","has-post-thumbnail","hentry","category-nacional","category-politica"],"jetpack_publicize_connections":[],"jetpack_featured_media_url":"https:\/\/portalmovil.com.ar\/wp-content\/uploads\/2020\/09\/5f2332d764b05_570_376.png","jetpack_sharing_enabled":true,"amp_enabled":true,"_links":{"self":[{"href":"https:\/\/portalmovil.com.ar\/index.php\/wp-json\/wp\/v2\/posts\/19317","targetHints":{"allow":["GET"]}}],"collection":[{"href":"https:\/\/portalmovil.com.ar\/index.php\/wp-json\/wp\/v2\/posts"}],"about":[{"href":"https:\/\/portalmovil.com.ar\/index.php\/wp-json\/wp\/v2\/types\/post"}],"author":[{"embeddable":true,"href":"https:\/\/portalmovil.com.ar\/index.php\/wp-json\/wp\/v2\/users\/2"}],"replies":[{"embeddable":true,"href":"https:\/\/portalmovil.com.ar\/index.php\/wp-json\/wp\/v2\/comments?post=19317"}],"version-history":[{"count":1,"href":"https:\/\/portalmovil.com.ar\/index.php\/wp-json\/wp\/v2\/posts\/19317\/revisions"}],"predecessor-version":[{"id":19318,"href":"https:\/\/portalmovil.com.ar\/index.php\/wp-json\/wp\/v2\/posts\/19317\/revisions\/19318"}],"wp:featuredmedia":[{"embeddable":true,"href":"https:\/\/portalmovil.com.ar\/index.php\/wp-json\/wp\/v2\/media\/13108"}],"wp:attachment":[{"href":"https:\/\/portalmovil.com.ar\/index.php\/wp-json\/wp\/v2\/media?parent=19317"}],"wp:term":[{"taxonomy":"category","embeddable":true,"href":"https:\/\/portalmovil.com.ar\/index.php\/wp-json\/wp\/v2\/categories?post=19317"},{"taxonomy":"post_tag","embeddable":true,"href":"https:\/\/portalmovil.com.ar\/index.php\/wp-json\/wp\/v2\/tags?post=19317"}],"curies":[{"name":"wp","href":"https:\/\/api.w.org\/{rel}","templated":true}]}}