{"id":18635,"date":"2021-01-08T15:17:59","date_gmt":"2021-01-08T18:17:59","guid":{"rendered":"https:\/\/portalmovil.com.ar\/?p=18635"},"modified":"2021-01-08T15:18:10","modified_gmt":"2021-01-08T18:18:10","slug":"los-aumentos-de-sameep-y-secheep-suspendidos-en-noviembre-se-aplicaran-este-ano","status":"publish","type":"post","link":"https:\/\/portalmovil.com.ar\/index.php\/2021\/01\/08\/los-aumentos-de-sameep-y-secheep-suspendidos-en-noviembre-se-aplicaran-este-ano\/","title":{"rendered":"Los aumentos de SAMEEP y SECHEEP suspendidos en noviembre, se aplicar\u00e1n este a\u00f1o"},"content":{"rendered":"\n<p>Las tarifas de luz y agua van a aumentar este a\u00f1o. As\u00ed lo confirm\u00f3 el propio gobierno del Chaco al convocar a dos audiencias p\u00fablicas para \u201cactualizar\u201d las tarifas de ambos servicios.<\/p>\n\n\n\n<p>Seg\u00fan se public\u00f3 en el bolet\u00edn oficial del mi\u00e9rcoles, mediante los decretos 1887\/20 y 1888\/20, el Ejecutivo provincial fij\u00f3 como fecha de las audiencias el mismo d\u00eda y hora: 5 de febrero, a las 9. La diferencia ser\u00e1 el lugar. La que tratar\u00e1 la tarifa de Sameep se realizar\u00e1 en el Teatro Griego de General San Mart\u00edn, mientras que la de Secheep se har\u00e1 en el Centro Cultural de la Leonesa.<\/p>\n\n\n\n<p>En ambos casos se habilit\u00f3 20 d\u00edas previos a las audiencias el registro para la inscripci\u00f3n de ciudadanos, organismos estatales o personas que quieran hacer uso de la palabra en la audiencia, manteni\u00e9ndose en la lista a aquellos que se anotaron en las suspendidas audiencias de noviembre pasado.<\/p>\n\n\n\n<p>La inscripci\u00f3n hasta dos d\u00edas antes de la audiencia, en la sede de Sameep (avenida 9 de Julio 788, de Resistencia) y en Secheep (Belgrano 566, en S\u00e1enz Pe\u00f1a y Roque S\u00e1enz Pe\u00f1a 190, en Resistencia). En el caso de la empresa energ\u00e9tica, tambi\u00e9n estar\u00e1 habilitada la inscripci\u00f3n v\u00eda mail al correo&nbsp;<a href=\"mailto:audiencia@secheep.com\">audiencia@secheep.com<\/a>, luego de completar y enviar el formulario que se descarga en la p\u00e1gina&nbsp;<a href=\"http:\/\/www.secheep.gov.ar\/\">www.secheep.gov.ar<\/a>.<\/p>\n\n\n\n<p>Adem\u00e1s, se habilitar\u00e1 una plataforma de videoconferencia para que participen aquellas personas que se encuentran en otros puntos de la provincia.<\/p>\n\n\n\n<p>Cabe recordar que, el gobernador, Jorge Capitanich, hab\u00eda suspendido las audiencias p\u00fablicas que iban a realizar Sameep y Secheep en noviembre del a\u00f1o pasado, determinando as\u00ed un aplazamiento en el incremento de las tarifas.<\/p>\n\n\n\n<p>En sus argumentos, el primer mandatario sostuvo que \u201ctener un aumento en las tarifas, para cualquier casa chaque\u00f1a, en este contexto de extensi\u00f3n de pandemia y cuadro de emergencia econ\u00f3mica, ser\u00eda un drama, por m\u00e1s necesidad comprensible que tengan las proveedoras del servicio\u201d.<\/p>\n\n\n\n<p>A trav\u00e9s de un comunicado de prensa, el jefe del bloque de diputados provinciales de la UCR, Carim Peche, asegur\u00f3 que un incremento en las tarifas, en este contexto de pandemia y crisis econ\u00f3mica, ser\u00eda \u201cun tiro de gracia a los trabajadores, jubilados y el sector privado\u201d.<\/p>\n\n\n\n<p>\u201cUna vez m\u00e1s le pido al gobernador Capitanich que reflexione y deje sin efecto estos aumentos, ser\u00e1n un tiro de gracia para trabajadores, jubilados, comerciantes, empresarios, industriales, monotributistas, emprendedores y otros sectores de la cadena productiva de la provincia. Si de verdad se pretende salir de esta crisis, es tiempo de dar, no de recaudar\u201d, pidi\u00f3 el legislador.<\/p>\n","protected":false},"excerpt":{"rendered":"<p>Las tarifas de luz y agua van a aumentar este a\u00f1o. As\u00ed lo confirm\u00f3 el propio gobierno del Chaco al convocar a dos audiencias p\u00fablicas para \u201cactualizar\u201d las tarifas de ambos servicios. Seg\u00fan se public\u00f3 en el bolet\u00edn oficial del mi\u00e9rcoles, mediante los decretos 1887\/20 y 1888\/20, el Ejecutivo provincial fij\u00f3 como fecha de las &hellip;<\/p>\n","protected":false},"author":2,"featured_media":18636,"comment_status":"open","ping_status":"open","sticky":false,"template":"","format":"standard","meta":{"_jetpack_memberships_contains_paid_content":false,"footnotes":"","jetpack_publicize_message":"","jetpack_publicize_feature_enabled":true,"jetpack_social_post_already_shared":true,"jetpack_social_options":{"image_generator_settings":{"template":"highway","default_image_id":0,"font":"","enabled":false},"version":2}},"categories":[5],"tags":[533,100,331,438],"class_list":["post-18635","post","type-post","status-publish","format-standard","has-post-thumbnail","hentry","category-chaco","tag-audiencia","tag-sameep","tag-secheep","tag-servicios"],"jetpack_publicize_connections":[],"jetpack_featured_media_url":"https:\/\/portalmovil.com.ar\/wp-content\/uploads\/2021\/01\/f664bc02-b1b3-4256-8c24-40a5bac78e84.jpg","jetpack_sharing_enabled":true,"amp_enabled":true,"_links":{"self":[{"href":"https:\/\/portalmovil.com.ar\/index.php\/wp-json\/wp\/v2\/posts\/18635","targetHints":{"allow":["GET"]}}],"collection":[{"href":"https:\/\/portalmovil.com.ar\/index.php\/wp-json\/wp\/v2\/posts"}],"about":[{"href":"https:\/\/portalmovil.com.ar\/index.php\/wp-json\/wp\/v2\/types\/post"}],"author":[{"embeddable":true,"href":"https:\/\/portalmovil.com.ar\/index.php\/wp-json\/wp\/v2\/users\/2"}],"replies":[{"embeddable":true,"href":"https:\/\/portalmovil.com.ar\/index.php\/wp-json\/wp\/v2\/comments?post=18635"}],"version-history":[{"count":1,"href":"https:\/\/portalmovil.com.ar\/index.php\/wp-json\/wp\/v2\/posts\/18635\/revisions"}],"predecessor-version":[{"id":18637,"href":"https:\/\/portalmovil.com.ar\/index.php\/wp-json\/wp\/v2\/posts\/18635\/revisions\/18637"}],"wp:featuredmedia":[{"embeddable":true,"href":"https:\/\/portalmovil.com.ar\/index.php\/wp-json\/wp\/v2\/media\/18636"}],"wp:attachment":[{"href":"https:\/\/portalmovil.com.ar\/index.php\/wp-json\/wp\/v2\/media?parent=18635"}],"wp:term":[{"taxonomy":"category","embeddable":true,"href":"https:\/\/portalmovil.com.ar\/index.php\/wp-json\/wp\/v2\/categories?post=18635"},{"taxonomy":"post_tag","embeddable":true,"href":"https:\/\/portalmovil.com.ar\/index.php\/wp-json\/wp\/v2\/tags?post=18635"}],"curies":[{"name":"wp","href":"https:\/\/api.w.org\/{rel}","templated":true}]}}