{"id":18571,"date":"2021-01-07T16:08:46","date_gmt":"2021-01-07T19:08:46","guid":{"rendered":"https:\/\/portalmovil.com.ar\/?p=18571"},"modified":"2021-01-07T16:08:49","modified_gmt":"2021-01-07T19:08:49","slug":"oms-insto-a-europa-a-intensificar-las-medidas-ante-la-situacion-alarmante-por-el-covid-19","status":"publish","type":"post","link":"https:\/\/portalmovil.com.ar\/index.php\/2021\/01\/07\/oms-insto-a-europa-a-intensificar-las-medidas-ante-la-situacion-alarmante-por-el-covid-19\/","title":{"rendered":"OMS inst\u00f3 a Europa a intensificar las medidas ante la situaci\u00f3n alarmante por el Covid-19"},"content":{"rendered":"\n<p>Europa debe \u00abhacer m\u00e1s\u00bb ante una \u00absituaci\u00f3n alarmante\u00bb creada por la circulaci\u00f3n en la regi\u00f3n de una nueva variante m\u00e1s contagiosa del coronavirus, detectada inicialmente en Reino Unido, dijo hoy la direcci\u00f3n europea de la Organizaci\u00f3n Mundial de la Salud (OMS).<\/p>\n\n\n\n<p>\u00abLas medidas de base, que todos conocemos, deben ser intensificadas para bajar la transmisi\u00f3n, aliviar nuestros servicios COVID-19 y salvar vidas\u00bb dijo el director para Europa del organismo de salud de la ONU, Hans Kluge, en un contacto virtual con la prensa.<\/p>\n\n\n\n<p>Seg\u00fan Kluge, hay que generalizar el uso de mascarillas, limitar el n\u00famero de reuniones sociales, respetar la distancia f\u00edsica y el lavado de manos, y combinar estas medidas con sistemas adecuados de detecci\u00f3n y localizaci\u00f3n as\u00ed como aislar a los pacientes.<\/p>\n\n\n\n<p>Veintid\u00f3s pa\u00edses de la zona Europa, que incluye 53 naciones, entre ellos Rusia, registraron casos vinculados a esta nueva cepa, que seg\u00fan los primeros estudios est\u00e1 respondiendo a las vacunas, indic\u00f3 la OMS.<\/p>\n\n\n\n<p>La variante no cambia la naturaleza de la enfermedad y el \u00abCOVID-19 no es ni m\u00e1s ni menos grave\u00bb, afirm\u00f3 Kluge.<\/p>\n\n\n\n<p>Europa, muy afectada por la pandemia, registr\u00f3 m\u00e1s de 27,6 millones de casos y 603.000 muertes, seg\u00fan la organizaci\u00f3n, que estima que el exceso de mortalidad se quintuplic\u00f3 entre 2019 y 2020.<\/p>\n","protected":false},"excerpt":{"rendered":"<p>Europa debe \u00abhacer m\u00e1s\u00bb ante una \u00absituaci\u00f3n alarmante\u00bb creada por la circulaci\u00f3n en la regi\u00f3n de una nueva variante m\u00e1s contagiosa del coronavirus, detectada inicialmente en Reino Unido, dijo hoy la direcci\u00f3n europea de la Organizaci\u00f3n Mundial de la Salud (OMS). \u00abLas medidas de base, que todos conocemos, deben ser intensificadas para bajar la transmisi\u00f3n, &hellip;<\/p>\n","protected":false},"author":2,"featured_media":18572,"comment_status":"open","ping_status":"open","sticky":false,"template":"","format":"standard","meta":{"_jetpack_memberships_contains_paid_content":false,"footnotes":"","jetpack_publicize_message":"","jetpack_publicize_feature_enabled":true,"jetpack_social_post_already_shared":true,"jetpack_social_options":{"image_generator_settings":{"template":"highway","default_image_id":0,"font":"","enabled":false},"version":2}},"categories":[17],"tags":[],"class_list":["post-18571","post","type-post","status-publish","format-standard","has-post-thumbnail","hentry","category-mundo"],"jetpack_publicize_connections":[],"jetpack_featured_media_url":"https:\/\/portalmovil.com.ar\/wp-content\/uploads\/2021\/01\/199250.jpg","jetpack_sharing_enabled":true,"amp_enabled":true,"_links":{"self":[{"href":"https:\/\/portalmovil.com.ar\/index.php\/wp-json\/wp\/v2\/posts\/18571","targetHints":{"allow":["GET"]}}],"collection":[{"href":"https:\/\/portalmovil.com.ar\/index.php\/wp-json\/wp\/v2\/posts"}],"about":[{"href":"https:\/\/portalmovil.com.ar\/index.php\/wp-json\/wp\/v2\/types\/post"}],"author":[{"embeddable":true,"href":"https:\/\/portalmovil.com.ar\/index.php\/wp-json\/wp\/v2\/users\/2"}],"replies":[{"embeddable":true,"href":"https:\/\/portalmovil.com.ar\/index.php\/wp-json\/wp\/v2\/comments?post=18571"}],"version-history":[{"count":1,"href":"https:\/\/portalmovil.com.ar\/index.php\/wp-json\/wp\/v2\/posts\/18571\/revisions"}],"predecessor-version":[{"id":18573,"href":"https:\/\/portalmovil.com.ar\/index.php\/wp-json\/wp\/v2\/posts\/18571\/revisions\/18573"}],"wp:featuredmedia":[{"embeddable":true,"href":"https:\/\/portalmovil.com.ar\/index.php\/wp-json\/wp\/v2\/media\/18572"}],"wp:attachment":[{"href":"https:\/\/portalmovil.com.ar\/index.php\/wp-json\/wp\/v2\/media?parent=18571"}],"wp:term":[{"taxonomy":"category","embeddable":true,"href":"https:\/\/portalmovil.com.ar\/index.php\/wp-json\/wp\/v2\/categories?post=18571"},{"taxonomy":"post_tag","embeddable":true,"href":"https:\/\/portalmovil.com.ar\/index.php\/wp-json\/wp\/v2\/tags?post=18571"}],"curies":[{"name":"wp","href":"https:\/\/api.w.org\/{rel}","templated":true}]}}