{"id":18517,"date":"2021-01-06T13:48:39","date_gmt":"2021-01-06T16:48:39","guid":{"rendered":"https:\/\/portalmovil.com.ar\/?p=18517"},"modified":"2021-01-06T13:48:44","modified_gmt":"2021-01-06T16:48:44","slug":"alberto-fernandez-si-fuera-por-nosotros-no-tocariamos-nada-las-tarifas","status":"publish","type":"post","link":"https:\/\/portalmovil.com.ar\/index.php\/2021\/01\/06\/alberto-fernandez-si-fuera-por-nosotros-no-tocariamos-nada-las-tarifas\/","title":{"rendered":"Alberto Fern\u00e1ndez: \u201cSi fuera por nosotros, no tocar\u00edamos nada las tarifas\u201d"},"content":{"rendered":"\n<p>En declaraciones a la <em><strong>FM Radio Con Vos<\/strong><\/em>, el primer mandatario argentino se refiri\u00f3 a la reuni\u00f3n que mantuvo este martes con Claudio Belocopitt, titular de la Uni\u00f3n Argentina de Entidades de Salud (UAS). \u00abTuvimos m\u00e1s coincidencias que diferencias\u00bb, enfatiz\u00f3. Y sostuvo que, \u00absi por nosotros fuera, no tocar\u00edamos nada las tarifas\u00bb en el actual contexto de pandemia.<\/p>\n\n\n\n<p>\u201cEstamos renaciendo de las cenizas y todo lo que podamos hacer para cuidar el bolsillo lo vamos a hacer. No s\u00e9 de d\u00f3nde sali\u00f3 que hay una discusi\u00f3n respecto a las tarifas\u201d, dijo el mandatario en declaraciones formuladas esta ma\u00f1ana a Radio Con Vos.<\/p>\n\n\n\n<p>Dijo hoy que \u201cno estamos en condiciones de favorecer aumentos\u201d en la medicina prepaga, ya que \u201cno podemos cargar sobre la gente esos aumentos\u201d, y afirm\u00f3 que \u201cexiste un problema estructural del sistema de salud que hay que revisar\u201d.<\/p>\n\n\n\n<p>\u201cTengo que cuidar el bolsillo de la gente, ya que la situaci\u00f3n es muy delicada\u201d, sostuvo el mandatario y plante\u00f3 que \u201ctodos tenemos que hacer un esfuerzo\u201d.<\/p>\n\n\n\n<p>\u201cNo puedo seguir funcionando en una econom\u00eda normal porque no estamos en una econom\u00eda normal. Estoy en una lucha con la producci\u00f3n de alimentos en Argentina. Estamos en una situaci\u00f3n de emergencia y hay que pensar en los que menos tienen\u201d, dijo en declaraciones a Radio Con Vos.<\/p>\n","protected":false},"excerpt":{"rendered":"<p>En declaraciones a la FM Radio Con Vos, el primer mandatario argentino se refiri\u00f3 a la reuni\u00f3n que mantuvo este martes con Claudio Belocopitt, titular de la Uni\u00f3n Argentina de Entidades de Salud (UAS). \u00abTuvimos m\u00e1s coincidencias que diferencias\u00bb, enfatiz\u00f3. Y sostuvo que, \u00absi por nosotros fuera, no tocar\u00edamos nada las tarifas\u00bb en el actual &hellip;<\/p>\n","protected":false},"author":2,"featured_media":14030,"comment_status":"open","ping_status":"open","sticky":false,"template":"","format":"standard","meta":{"_jetpack_memberships_contains_paid_content":false,"footnotes":"","jetpack_publicize_message":"","jetpack_publicize_feature_enabled":true,"jetpack_social_post_already_shared":true,"jetpack_social_options":{"image_generator_settings":{"template":"highway","default_image_id":0,"font":"","enabled":false},"version":2}},"categories":[34,14],"tags":[],"class_list":["post-18517","post","type-post","status-publish","format-standard","has-post-thumbnail","hentry","category-nacional","category-politica"],"jetpack_publicize_connections":[],"jetpack_featured_media_url":"https:\/\/portalmovil.com.ar\/wp-content\/uploads\/2020\/10\/Alberto-Fernandez-4-696x392-1.jpg","jetpack_sharing_enabled":true,"amp_enabled":true,"_links":{"self":[{"href":"https:\/\/portalmovil.com.ar\/index.php\/wp-json\/wp\/v2\/posts\/18517","targetHints":{"allow":["GET"]}}],"collection":[{"href":"https:\/\/portalmovil.com.ar\/index.php\/wp-json\/wp\/v2\/posts"}],"about":[{"href":"https:\/\/portalmovil.com.ar\/index.php\/wp-json\/wp\/v2\/types\/post"}],"author":[{"embeddable":true,"href":"https:\/\/portalmovil.com.ar\/index.php\/wp-json\/wp\/v2\/users\/2"}],"replies":[{"embeddable":true,"href":"https:\/\/portalmovil.com.ar\/index.php\/wp-json\/wp\/v2\/comments?post=18517"}],"version-history":[{"count":1,"href":"https:\/\/portalmovil.com.ar\/index.php\/wp-json\/wp\/v2\/posts\/18517\/revisions"}],"predecessor-version":[{"id":18518,"href":"https:\/\/portalmovil.com.ar\/index.php\/wp-json\/wp\/v2\/posts\/18517\/revisions\/18518"}],"wp:featuredmedia":[{"embeddable":true,"href":"https:\/\/portalmovil.com.ar\/index.php\/wp-json\/wp\/v2\/media\/14030"}],"wp:attachment":[{"href":"https:\/\/portalmovil.com.ar\/index.php\/wp-json\/wp\/v2\/media?parent=18517"}],"wp:term":[{"taxonomy":"category","embeddable":true,"href":"https:\/\/portalmovil.com.ar\/index.php\/wp-json\/wp\/v2\/categories?post=18517"},{"taxonomy":"post_tag","embeddable":true,"href":"https:\/\/portalmovil.com.ar\/index.php\/wp-json\/wp\/v2\/tags?post=18517"}],"curies":[{"name":"wp","href":"https:\/\/api.w.org\/{rel}","templated":true}]}}