{"id":18507,"date":"2021-01-06T13:27:10","date_gmt":"2021-01-06T16:27:10","guid":{"rendered":"https:\/\/portalmovil.com.ar\/?p=18507"},"modified":"2021-01-06T13:27:14","modified_gmt":"2021-01-06T16:27:14","slug":"un-diputado-nacional-hablo-en-contra-del-pueblo-judio","status":"publish","type":"post","link":"https:\/\/portalmovil.com.ar\/index.php\/2021\/01\/06\/un-diputado-nacional-hablo-en-contra-del-pueblo-judio\/","title":{"rendered":"Un Diputado Nacional habl\u00f3 en contra del pueblo Jud\u00edo"},"content":{"rendered":"\n<p>Esta ma\u00f1ana trascendi\u00f3 un video del diputado nacional de Unidad y Equidad Federal, Pablo Ansaloni, donde hace un fuerte comentario contra el pueblo jud\u00edo lo que r\u00e1pidamente gener\u00f3 un duro rechazo en las redes sociales. <\/p>\n\n\n\n<p>Esto se produjo durante un encuentro privado por zoom en el que particip\u00f3 el legislador, quien tambi\u00e9n se desempe\u00f1a como dirigente de la Uni\u00f3n Argentina de Trabajadores Rurales y Estibadores (UATRE). Si bien no se conoce el video completo, se prev\u00e9 que estaba hablando sobre los conflictos internos del gremio cuando hizo la pol\u00e9mica referencia.<\/p>\n\n\n\n<p>\u00abEstamos m\u00e1s unidos que nunca, nadie nos va a romper a nosotros. Y nadie que no tiene que ver con nuestra provincia. Porque son como los jud\u00edos, por ah\u00ed no tienen patria, no saben d\u00f3nde est\u00e1n o a qui\u00e9n representan. Yo s\u00ed s\u00e9 a qui\u00e9n represento. Represento a la seccional 185 de Col\u00f3n, provincia de Buenos Aires\u00bb, fueron las palabras del diputado que asumi\u00f3 en 2017 y que previamente fue candidato a intendente de esa localidad.<\/p>\n\n\n\n<figure class=\"wp-block-embed is-type-rich is-provider-twitter wp-block-embed-twitter\"><div class=\"wp-block-embed__wrapper\">\n<div class=\"embed-twitter\"><blockquote class=\"twitter-tweet\" data-width=\"500\" data-dnt=\"true\"><p lang=\"es\" dir=\"ltr\">&quot;Son como los jud\u00edos: no tienen patria, no saben d\u00f3nde est\u00e1n&quot;. Tranqui el comentario antisemita de Pablo Ansaloni, diputado nacional (JxC) y dirigente de la Uatre. Deber\u00eda dar algunas explicaciones <a href=\"https:\/\/t.co\/rJatNJzORS\">pic.twitter.com\/rJatNJzORS<\/a><\/p>&mdash; jorge duarte (@ludistas) <a href=\"https:\/\/twitter.com\/ludistas\/status\/1346800202548699142?ref_src=twsrc%5Etfw\">January 6, 2021<\/a><\/blockquote><script async src=\"https:\/\/platform.twitter.com\/widgets.js\" charset=\"utf-8\"><\/script><\/div>\n<\/div><\/figure>\n","protected":false},"excerpt":{"rendered":"<p>Esta ma\u00f1ana trascendi\u00f3 un video del diputado nacional de Unidad y Equidad Federal, Pablo Ansaloni, donde hace un fuerte comentario contra el pueblo jud\u00edo lo que r\u00e1pidamente gener\u00f3 un duro rechazo en las redes sociales. Esto se produjo durante un encuentro privado por zoom en el que particip\u00f3 el legislador, quien tambi\u00e9n se desempe\u00f1a como &hellip;<\/p>\n","protected":false},"author":2,"featured_media":18509,"comment_status":"open","ping_status":"open","sticky":false,"template":"","format":"standard","meta":{"_jetpack_memberships_contains_paid_content":false,"footnotes":"","jetpack_publicize_message":"","jetpack_publicize_feature_enabled":true,"jetpack_social_post_already_shared":true,"jetpack_social_options":{"image_generator_settings":{"template":"highway","default_image_id":0,"font":"","enabled":false},"version":2}},"categories":[28],"tags":[],"class_list":["post-18507","post","type-post","status-publish","format-standard","has-post-thumbnail","hentry","category-actualidad"],"jetpack_publicize_connections":[],"jetpack_featured_media_url":"https:\/\/portalmovil.com.ar\/wp-content\/uploads\/2021\/01\/15fa1611-2038-4862-9905-11aa6cd2acc1.jpg","jetpack_sharing_enabled":true,"amp_enabled":true,"_links":{"self":[{"href":"https:\/\/portalmovil.com.ar\/index.php\/wp-json\/wp\/v2\/posts\/18507","targetHints":{"allow":["GET"]}}],"collection":[{"href":"https:\/\/portalmovil.com.ar\/index.php\/wp-json\/wp\/v2\/posts"}],"about":[{"href":"https:\/\/portalmovil.com.ar\/index.php\/wp-json\/wp\/v2\/types\/post"}],"author":[{"embeddable":true,"href":"https:\/\/portalmovil.com.ar\/index.php\/wp-json\/wp\/v2\/users\/2"}],"replies":[{"embeddable":true,"href":"https:\/\/portalmovil.com.ar\/index.php\/wp-json\/wp\/v2\/comments?post=18507"}],"version-history":[{"count":1,"href":"https:\/\/portalmovil.com.ar\/index.php\/wp-json\/wp\/v2\/posts\/18507\/revisions"}],"predecessor-version":[{"id":18510,"href":"https:\/\/portalmovil.com.ar\/index.php\/wp-json\/wp\/v2\/posts\/18507\/revisions\/18510"}],"wp:featuredmedia":[{"embeddable":true,"href":"https:\/\/portalmovil.com.ar\/index.php\/wp-json\/wp\/v2\/media\/18509"}],"wp:attachment":[{"href":"https:\/\/portalmovil.com.ar\/index.php\/wp-json\/wp\/v2\/media?parent=18507"}],"wp:term":[{"taxonomy":"category","embeddable":true,"href":"https:\/\/portalmovil.com.ar\/index.php\/wp-json\/wp\/v2\/categories?post=18507"},{"taxonomy":"post_tag","embeddable":true,"href":"https:\/\/portalmovil.com.ar\/index.php\/wp-json\/wp\/v2\/tags?post=18507"}],"curies":[{"name":"wp","href":"https:\/\/api.w.org\/{rel}","templated":true}]}}