{"id":18464,"date":"2021-01-05T17:53:45","date_gmt":"2021-01-05T20:53:45","guid":{"rendered":"https:\/\/portalmovil.com.ar\/?p=18464"},"modified":"2021-01-05T17:53:55","modified_gmt":"2021-01-05T20:53:55","slug":"formosa-capital-vuelve-a-fase-1-por-el-nuevo-avance-del-coronavirus","status":"publish","type":"post","link":"https:\/\/portalmovil.com.ar\/index.php\/2021\/01\/05\/formosa-capital-vuelve-a-fase-1-por-el-nuevo-avance-del-coronavirus\/","title":{"rendered":"Formosa capital vuelve a fase 1 por el nuevo avance del coronavirus"},"content":{"rendered":"\n<p>La\u00a0capital de la provincia de\u00a0Formosa\u00a0ingres\u00f3 a la fase 1\u00a0de aislamiento por el\u00a0coronavirus\u00a0desde el mediod\u00eda de este martes durante un lapso estipulado para el\u00a019 de enero. La medida ocurre tras la detecci\u00f3n de 12 casos de\u00a0Covid-19\u00a0en las \u00faltimas 24 horas.<\/p>\n\n\n\n<p>Entre la serie de medidas dispuestas en Formosa capital, se suspenden los eventos y reuniones sociales, culturales, recreativos, musicales, empresariales, en espacios abiertos, cerrados, p\u00fablicos y\/o privados.<\/p>\n\n\n\n<p>Los ciudadanos deber\u00e1n quedarse en sus casas, mientras que solo podr\u00e1n concurrir a sus actividades los trabajadores esenciales. S\u00f3lo estar\u00e1n abiertos los negocios de cercan\u00eda como almacenes y farmacias para realizar las compras m\u00ednimas. Adem\u00e1s, caducaron la totalidad de los certificados de circulaci\u00f3n provincial.<\/p>\n\n\n\n<p>Todos los casos detectados en la ciudad tienen relaci\u00f3n entre s\u00ed. El primer infectado es una trabajadora de la salud del Centro del barrio Villa Hermosa. Los 11 restantes son contactos estrechos del caso positivo anunciado ayer. Todos fueron internados en el Estadio Cincuentenario, los contactos estrechos restantes que arrojaron resultado negativo se encuentran en aislamiento preventivo.<\/p>\n","protected":false},"excerpt":{"rendered":"<p>La\u00a0capital de la provincia de\u00a0Formosa\u00a0ingres\u00f3 a la fase 1\u00a0de aislamiento por el\u00a0coronavirus\u00a0desde el mediod\u00eda de este martes durante un lapso estipulado para el\u00a019 de enero. La medida ocurre tras la detecci\u00f3n de 12 casos de\u00a0Covid-19\u00a0en las \u00faltimas 24 horas. Entre la serie de medidas dispuestas en Formosa capital, se suspenden los eventos y reuniones sociales, &hellip;<\/p>\n","protected":false},"author":2,"featured_media":18465,"comment_status":"open","ping_status":"open","sticky":false,"template":"","format":"standard","meta":{"_jetpack_memberships_contains_paid_content":false,"footnotes":"","jetpack_publicize_message":"","jetpack_publicize_feature_enabled":true,"jetpack_social_post_already_shared":true,"jetpack_social_options":{"image_generator_settings":{"template":"highway","default_image_id":0,"font":"","enabled":false},"version":2}},"categories":[12],"tags":[],"class_list":["post-18464","post","type-post","status-publish","format-standard","has-post-thumbnail","hentry","category-ultimo"],"jetpack_publicize_connections":[],"jetpack_featured_media_url":"https:\/\/portalmovil.com.ar\/wp-content\/uploads\/2021\/01\/5fbf0074a7b7d_1004x565.jpg","jetpack_sharing_enabled":true,"amp_enabled":true,"_links":{"self":[{"href":"https:\/\/portalmovil.com.ar\/index.php\/wp-json\/wp\/v2\/posts\/18464","targetHints":{"allow":["GET"]}}],"collection":[{"href":"https:\/\/portalmovil.com.ar\/index.php\/wp-json\/wp\/v2\/posts"}],"about":[{"href":"https:\/\/portalmovil.com.ar\/index.php\/wp-json\/wp\/v2\/types\/post"}],"author":[{"embeddable":true,"href":"https:\/\/portalmovil.com.ar\/index.php\/wp-json\/wp\/v2\/users\/2"}],"replies":[{"embeddable":true,"href":"https:\/\/portalmovil.com.ar\/index.php\/wp-json\/wp\/v2\/comments?post=18464"}],"version-history":[{"count":1,"href":"https:\/\/portalmovil.com.ar\/index.php\/wp-json\/wp\/v2\/posts\/18464\/revisions"}],"predecessor-version":[{"id":18466,"href":"https:\/\/portalmovil.com.ar\/index.php\/wp-json\/wp\/v2\/posts\/18464\/revisions\/18466"}],"wp:featuredmedia":[{"embeddable":true,"href":"https:\/\/portalmovil.com.ar\/index.php\/wp-json\/wp\/v2\/media\/18465"}],"wp:attachment":[{"href":"https:\/\/portalmovil.com.ar\/index.php\/wp-json\/wp\/v2\/media?parent=18464"}],"wp:term":[{"taxonomy":"category","embeddable":true,"href":"https:\/\/portalmovil.com.ar\/index.php\/wp-json\/wp\/v2\/categories?post=18464"},{"taxonomy":"post_tag","embeddable":true,"href":"https:\/\/portalmovil.com.ar\/index.php\/wp-json\/wp\/v2\/tags?post=18464"}],"curies":[{"name":"wp","href":"https:\/\/api.w.org\/{rel}","templated":true}]}}