{"id":18455,"date":"2021-01-05T17:36:44","date_gmt":"2021-01-05T20:36:44","guid":{"rendered":"https:\/\/portalmovil.com.ar\/?p=18455"},"modified":"2021-01-05T17:36:46","modified_gmt":"2021-01-05T20:36:46","slug":"quienes-podran-utilizar-el-transporte-publico","status":"publish","type":"post","link":"https:\/\/portalmovil.com.ar\/index.php\/2021\/01\/05\/quienes-podran-utilizar-el-transporte-publico\/","title":{"rendered":"\u00bfQui\u00e9nes podr\u00e1n utilizar el transporte p\u00fablico?"},"content":{"rendered":"\n<p>El Gobierno provincial brind\u00f3 precisiones sobre el funcionamiento del servicio de transporte p\u00fablico en el marco de las nuevas medidas adoptadas para frenar el avance del coronavirus. <\/p>\n\n\n\n<p>Se inform\u00f3 as\u00ed que el tr\u00e1nsito entre localidades los s\u00e1bado y domingo, estar\u00e1 permitido con fines tur\u00edsticos siempre y cuando se respeten los horarios de la alarma sanitaria y se cuente con el permiso de turismo correspondiente, generado en:<a href=\" https:\/\/permisoprovincial.gob.\"> <\/a><a href=\"https:\/\/permisoprovincial.gob.ar\">https:\/\/permisoprovincial.gob.ar<\/a><\/p>\n\n\n\n<h2 class=\"wp-block-heading\"><strong>Adem\u00e1s, los micros urbanos e interurbanos del \u00c1rea Metropolitana del Gran Resistencia (AMGR) continuar\u00e1n con el horario de 5 a 23, con un 50 por ciento de capacidad para trabajadores esenciales o aquellos\/as que tengan permiso para circular fuera del horario de la alarma sanitaria.<\/strong><\/h2>\n\n\n\n<p>Asimismo, los colectivos de media distancia provincial y los trenes mantienen sus horarios habituales.<\/p>\n","protected":false},"excerpt":{"rendered":"<p>El Gobierno provincial brind\u00f3 precisiones sobre el funcionamiento del servicio de transporte p\u00fablico en el marco de las nuevas medidas adoptadas para frenar el avance del coronavirus. Se inform\u00f3 as\u00ed que el tr\u00e1nsito entre localidades los s\u00e1bado y domingo, estar\u00e1 permitido con fines tur\u00edsticos siempre y cuando se respeten los horarios de la alarma sanitaria &hellip;<\/p>\n","protected":false},"author":2,"featured_media":18413,"comment_status":"open","ping_status":"open","sticky":false,"template":"","format":"standard","meta":{"_jetpack_memberships_contains_paid_content":false,"footnotes":"","jetpack_publicize_message":"","jetpack_publicize_feature_enabled":true,"jetpack_social_post_already_shared":true,"jetpack_social_options":{"image_generator_settings":{"template":"highway","default_image_id":0,"font":"","enabled":false},"version":2}},"categories":[5],"tags":[524,515],"class_list":["post-18455","post","type-post","status-publish","format-standard","has-post-thumbnail","hentry","category-chaco","tag-permiso","tag-transporte"],"jetpack_publicize_connections":[],"jetpack_featured_media_url":"https:\/\/portalmovil.com.ar\/wp-content\/uploads\/2021\/01\/colectivos_1_74500_74500.jpg","jetpack_sharing_enabled":true,"amp_enabled":true,"_links":{"self":[{"href":"https:\/\/portalmovil.com.ar\/index.php\/wp-json\/wp\/v2\/posts\/18455","targetHints":{"allow":["GET"]}}],"collection":[{"href":"https:\/\/portalmovil.com.ar\/index.php\/wp-json\/wp\/v2\/posts"}],"about":[{"href":"https:\/\/portalmovil.com.ar\/index.php\/wp-json\/wp\/v2\/types\/post"}],"author":[{"embeddable":true,"href":"https:\/\/portalmovil.com.ar\/index.php\/wp-json\/wp\/v2\/users\/2"}],"replies":[{"embeddable":true,"href":"https:\/\/portalmovil.com.ar\/index.php\/wp-json\/wp\/v2\/comments?post=18455"}],"version-history":[{"count":1,"href":"https:\/\/portalmovil.com.ar\/index.php\/wp-json\/wp\/v2\/posts\/18455\/revisions"}],"predecessor-version":[{"id":18456,"href":"https:\/\/portalmovil.com.ar\/index.php\/wp-json\/wp\/v2\/posts\/18455\/revisions\/18456"}],"wp:featuredmedia":[{"embeddable":true,"href":"https:\/\/portalmovil.com.ar\/index.php\/wp-json\/wp\/v2\/media\/18413"}],"wp:attachment":[{"href":"https:\/\/portalmovil.com.ar\/index.php\/wp-json\/wp\/v2\/media?parent=18455"}],"wp:term":[{"taxonomy":"category","embeddable":true,"href":"https:\/\/portalmovil.com.ar\/index.php\/wp-json\/wp\/v2\/categories?post=18455"},{"taxonomy":"post_tag","embeddable":true,"href":"https:\/\/portalmovil.com.ar\/index.php\/wp-json\/wp\/v2\/tags?post=18455"}],"curies":[{"name":"wp","href":"https:\/\/api.w.org\/{rel}","templated":true}]}}