{"id":18098,"date":"2020-12-29T15:56:22","date_gmt":"2020-12-29T18:56:22","guid":{"rendered":"https:\/\/portalmovil.com.ar\/?p=18098"},"modified":"2020-12-29T15:56:24","modified_gmt":"2020-12-29T18:56:24","slug":"la-senadora-pilatti-vergara-anuncio-que-votara-a-favor-del-aborto","status":"publish","type":"post","link":"https:\/\/portalmovil.com.ar\/index.php\/2020\/12\/29\/la-senadora-pilatti-vergara-anuncio-que-votara-a-favor-del-aborto\/","title":{"rendered":"La Senadora Pilatti Vergara anunci\u00f3 que votar\u00e1 a favor del aborto"},"content":{"rendered":"\n<p>La senadora del oficialismo indic\u00f3 que hay \u00abgrandes expectativas y ansiedad\u00bb por lo que pueda suceder en el debate de la C\u00e1mara Alta y apunt\u00f3 que \u00abhay esperanzas en que esta vez se puede llevar a buen puerto esta lucha de tantas mujeres del pa\u00eds y Latinoam\u00e9rica despu\u00e9s de tantos a\u00f1os\u00bb.\u00a0<\/p>\n\n\n\n<p>Pilatti Vergara aclar\u00f3 que \u00abno hay seguridad\u00bb respecto de los votos a favor y en contra del proyecto, pero se mostr\u00f3 esperanzada en poder sancionar la ley.<\/p>\n\n\n\n<p>\u00abFundamentalmente voy a votar a favor porque entiendo que existe una situaci\u00f3n en la que hay que poner justicia: no estamos a favor del aborto ni de la muerte de nadie, estamos a favor de todas las vidas, durante el transcurso de todas las vidas y no solamente en la potencial posibilidad de vivir\u00bb, subray\u00f3 la legisladora en declaraciones a Radiales.<\/p>\n\n\n\n<p>En ese marco, destac\u00f3 que \u00abla mayor\u00eda de la sociedad ha entendido que no se trata de aborto s\u00ed o aborto no, sino de aborto clandestino o aborto legal; porque la pr\u00e1ctica existi\u00f3, existe y va a existir porque la mujer que toma la decisi\u00f3n lo va a hacer en cualquier condici\u00f3n\u00bb. \u00abComo Estado y como sociedad no podemos quedarnos de brazos cruzados y dejar que quienes tienen recursos econ\u00f3micos como para acceder a una cl\u00ednica con todos los resguardos, lo pueda hacer; y quienes no los tengan, terminen arriesgando no s\u00f3lo su vida sino tambi\u00e9n la posibilidad de tener un hijo cuando as\u00ed lo deseen\u00bb, plante\u00f3.&nbsp;<\/p>\n\n\n\n<p>Para la Legisladora, la lucha por la interrupci\u00f3n voluntaria del embarazo est\u00e1 estrechamente vinculada a la pr\u00e9dica del feminismo que irrumpi\u00f3 en los \u00faltimos a\u00f1os como uno de los actores pol\u00edticos m\u00e1s potentes por su activismo y diversidad.&nbsp;\u00abHay mucha hipocres\u00eda en esta cuesti\u00f3n porque todos sabemos cu\u00e1les son las cl\u00ednicas y los m\u00e9dicos que realizan abortos, que es una pr\u00e1ctica que se hace desde tiempos inmemoriales; entonces decimos s\u00ed a la vida de la mujer que merece respeto por sus derechos y que pueda decidir cu\u00e1ndo, c\u00f3mo y con qui\u00e9n ser madre, sin que sea el Estado el que le maneje la vida como no lo hace con los hombres\u00bb, expres\u00f3.&nbsp;<\/p>\n\n\n\n<h2 class=\"wp-block-heading\"><strong>Pilatti Vergara sum\u00f3: \u00abToda esta lucha merece que quienes legislamos nos despojemos de nuestras creencias personales, religiosas o dogm\u00e1ticas; y nos pongamos a pensar en quienes nos est\u00e1n demandado esta respuesta de justicia social\u00bb<\/strong>.<\/h2>\n","protected":false},"excerpt":{"rendered":"<p>La senadora del oficialismo indic\u00f3 que hay \u00abgrandes expectativas y ansiedad\u00bb por lo que pueda suceder en el debate de la C\u00e1mara Alta y apunt\u00f3 que \u00abhay esperanzas en que esta vez se puede llevar a buen puerto esta lucha de tantas mujeres del pa\u00eds y Latinoam\u00e9rica despu\u00e9s de tantos a\u00f1os\u00bb.\u00a0 Pilatti Vergara aclar\u00f3 que &hellip;<\/p>\n","protected":false},"author":2,"featured_media":17149,"comment_status":"open","ping_status":"open","sticky":false,"template":"","format":"standard","meta":{"_jetpack_memberships_contains_paid_content":false,"footnotes":"","jetpack_publicize_message":"","jetpack_publicize_feature_enabled":true,"jetpack_social_post_already_shared":true,"jetpack_social_options":{"image_generator_settings":{"template":"highway","default_image_id":0,"font":"","enabled":false},"version":2}},"categories":[14],"tags":[],"class_list":["post-18098","post","type-post","status-publish","format-standard","has-post-thumbnail","hentry","category-politica"],"jetpack_publicize_connections":[],"jetpack_featured_media_url":"https:\/\/portalmovil.com.ar\/wp-content\/uploads\/2020\/12\/GORDA.jpg","jetpack_sharing_enabled":true,"amp_enabled":true,"_links":{"self":[{"href":"https:\/\/portalmovil.com.ar\/index.php\/wp-json\/wp\/v2\/posts\/18098","targetHints":{"allow":["GET"]}}],"collection":[{"href":"https:\/\/portalmovil.com.ar\/index.php\/wp-json\/wp\/v2\/posts"}],"about":[{"href":"https:\/\/portalmovil.com.ar\/index.php\/wp-json\/wp\/v2\/types\/post"}],"author":[{"embeddable":true,"href":"https:\/\/portalmovil.com.ar\/index.php\/wp-json\/wp\/v2\/users\/2"}],"replies":[{"embeddable":true,"href":"https:\/\/portalmovil.com.ar\/index.php\/wp-json\/wp\/v2\/comments?post=18098"}],"version-history":[{"count":1,"href":"https:\/\/portalmovil.com.ar\/index.php\/wp-json\/wp\/v2\/posts\/18098\/revisions"}],"predecessor-version":[{"id":18099,"href":"https:\/\/portalmovil.com.ar\/index.php\/wp-json\/wp\/v2\/posts\/18098\/revisions\/18099"}],"wp:featuredmedia":[{"embeddable":true,"href":"https:\/\/portalmovil.com.ar\/index.php\/wp-json\/wp\/v2\/media\/17149"}],"wp:attachment":[{"href":"https:\/\/portalmovil.com.ar\/index.php\/wp-json\/wp\/v2\/media?parent=18098"}],"wp:term":[{"taxonomy":"category","embeddable":true,"href":"https:\/\/portalmovil.com.ar\/index.php\/wp-json\/wp\/v2\/categories?post=18098"},{"taxonomy":"post_tag","embeddable":true,"href":"https:\/\/portalmovil.com.ar\/index.php\/wp-json\/wp\/v2\/tags?post=18098"}],"curies":[{"name":"wp","href":"https:\/\/api.w.org\/{rel}","templated":true}]}}